{"id":101,"date":"2014-11-24T10:34:32","date_gmt":"2014-11-24T09:34:32","guid":{"rendered":"https:\/\/www.addon-pascalvacheypaysagiste.com.hasi7531.odns.fr\/blog\/?p=101"},"modified":"2014-11-24T10:34:32","modified_gmt":"2014-11-24T09:34:32","slug":"jardinier-paysagiste-lart-au-service-du-paysage","status":"publish","type":"post","link":"https:\/\/www.pascalvacheypaysagiste.com\/blog\/jardinier-paysagiste-lart-au-service-du-paysage\/","title":{"rendered":"Jardinier paysagiste : L&rsquo;art au service du paysage"},"content":{"rendered":"<p class=\"content-img-text\"><img decoding=\"async\" loading=\"lazy\" class=\"alignnone size-large wp-image-102\" src=\"https:\/\/www.addon-pascalvacheypaysagiste.com.hasi7531.odns.fr\/blog\/wp-content\/uploads\/2014\/11\/vlcsnap-2014-11-20-14h54m01s17-1024x512.png\" alt=\"\" width=\"720\" height=\"360\" srcset=\"https:\/\/www.pascalvacheypaysagiste.com\/blog\/wp-content\/uploads\/2014\/11\/vlcsnap-2014-11-20-14h54m01s17-1024x512.png 1024w, https:\/\/www.pascalvacheypaysagiste.com\/blog\/wp-content\/uploads\/2014\/11\/vlcsnap-2014-11-20-14h54m01s17-300x150.png 300w, https:\/\/www.pascalvacheypaysagiste.com\/blog\/wp-content\/uploads\/2014\/11\/vlcsnap-2014-11-20-14h54m01s17-900x450.png 900w, https:\/\/www.pascalvacheypaysagiste.com\/blog\/wp-content\/uploads\/2014\/11\/vlcsnap-2014-11-20-14h54m01s17.png 1212w\" sizes=\"(max-width: 720px) 100vw, 720px\" \/><\/p>\n<p class=\"content-img-text\">Graffeur et paysagiste, ce n&rsquo;est pas l&rsquo;association la plus \u00e9vidente. Et pourtant, l&rsquo;un peut influencer l&rsquo;autre et vice versa, comme le prouve Harold Jor\u00e9. Il mixe les deux pratiques au quotidien dans l&rsquo;H\u00e9rault.<\/p>\n<p class=\"content-img-text\"><!--more--><\/p>\n<p class=\"content-img-text\">Il s&rsquo;agit de compl\u00e9ter ici le travail du paysagiste, en s&#8217;emparant de murs parfois disgracieux. Il faut alors donner du relief, pour ne pas tomber dans la simple fresque. Pour cela, notre jardinier graffeur travaille les perspective et use de l&rsquo;anamorphose. Il s&rsquo;agit alors de d\u00e9former le dessin pour que les angles, par exemple, disparaissent dans le dessin et cr\u00e9\u00e9 une illusion de continuit\u00e9.<\/p>\n<p class=\"content-img-text\"><a href=\"http:\/\/culturebox.francetvinfo.fr\/tendances\/street-art\/jardinier-paysagiste-et-graffeur-quand-lart-rencontre-le-metier-203914\" target=\"_blank\" rel=\"nofollow\">Lire la suite<\/a><\/p>\n","protected":false},"excerpt":{"rendered":"<p>Graffeur et paysagiste, ce n&rsquo;est pas l&rsquo;association la plus \u00e9vidente. Et pourtant, l&rsquo;un peut influencer l&rsquo;autre et vice versa, comme le prouve Harold Jor\u00e9. Il mixe les deux pratiques au quotidien dans l&rsquo;H\u00e9rault.<\/p>\n","protected":false},"author":1,"featured_media":102,"comment_status":"open","ping_status":"open","sticky":false,"template":"","format":"standard","meta":{"footnotes":"","twitterCardType":"summary_large_image","cardImageID":0,"cardImage":"","cardTitle":"","cardDesc":"","cardImageAlt":"","cardPlayer":"","cardPlayerWidth":0,"cardPlayerHeight":0,"cardPlayerStream":"","cardPlayerCodec":""},"categories":[2,7],"tags":[],"yoast_head":"<!-- This site is optimized with the Yoast SEO plugin v21.6 - https:\/\/yoast.com\/wordpress\/plugins\/seo\/ -->\n<title>Jardinier paysagiste : L&#039;art au service du paysage<\/title>\n<meta name=\"robots\" content=\"index, follow, max-snippet:-1, max-image-preview:large, max-video-preview:-1\" \/>\n<link rel=\"canonical\" href=\"https:\/\/www.pascalvacheypaysagiste.com\/blog\/jardinier-paysagiste-lart-au-service-du-paysage\/\" \/>\n<meta property=\"og:locale\" content=\"fr_FR\" \/>\n<meta property=\"og:type\" content=\"article\" \/>\n<meta property=\"og:title\" content=\"Jardinier paysagiste : L&#039;art au service du paysage\" \/>\n<meta property=\"og:description\" content=\"Graffeur et paysagiste, ce n&rsquo;est pas l&rsquo;association la plus \u00e9vidente. Et pourtant, l&rsquo;un peut influencer l&rsquo;autre et vice versa, comme le prouve Harold Jor\u00e9. Il mixe les deux pratiques au quotidien dans l&rsquo;H\u00e9rault.\" \/>\n<meta property=\"og:url\" content=\"https:\/\/www.pascalvacheypaysagiste.com\/blog\/jardinier-paysagiste-lart-au-service-du-paysage\/\" \/>\n<meta property=\"og:site_name\" content=\"Le Blog de Pascal Vachey\" \/>\n<meta property=\"article:published_time\" content=\"2014-11-24T09:34:32+00:00\" \/>\n<meta property=\"og:image\" content=\"https:\/\/www.pascalvacheypaysagiste.com\/blog\/wp-content\/uploads\/2014\/11\/vlcsnap-2014-11-20-14h54m01s17.png\" \/>\n\t<meta property=\"og:image:width\" content=\"1212\" \/>\n\t<meta property=\"og:image:height\" content=\"606\" \/>\n\t<meta property=\"og:image:type\" content=\"image\/png\" \/>\n<meta name=\"author\" content=\"Pascal\" \/>\n<meta name=\"twitter:label1\" content=\"\u00c9crit par\" \/>\n\t<meta name=\"twitter:data1\" content=\"Pascal\" \/>\n\t<meta name=\"twitter:label2\" content=\"Dur\u00e9e de lecture estim\u00e9e\" \/>\n\t<meta name=\"twitter:data2\" content=\"1 minute\" \/>\n<script type=\"application\/ld+json\" class=\"yoast-schema-graph\">{\"@context\":\"https:\/\/schema.org\",\"@graph\":[{\"@type\":\"WebPage\",\"@id\":\"https:\/\/www.pascalvacheypaysagiste.com\/blog\/jardinier-paysagiste-lart-au-service-du-paysage\/\",\"url\":\"https:\/\/www.pascalvacheypaysagiste.com\/blog\/jardinier-paysagiste-lart-au-service-du-paysage\/\",\"name\":\"Jardinier paysagiste : L'art au service du paysage\",\"isPartOf\":{\"@id\":\"https:\/\/www.pascalvacheypaysagiste.com\/blog\/#website\"},\"datePublished\":\"2014-11-24T09:34:32+00:00\",\"dateModified\":\"2014-11-24T09:34:32+00:00\",\"author\":{\"@id\":\"https:\/\/www.pascalvacheypaysagiste.com\/blog\/#\/schema\/person\/71a53942d8f4bfe8c76b5898f18ad731\"},\"breadcrumb\":{\"@id\":\"https:\/\/www.pascalvacheypaysagiste.com\/blog\/jardinier-paysagiste-lart-au-service-du-paysage\/#breadcrumb\"},\"inLanguage\":\"fr-FR\",\"potentialAction\":[{\"@type\":\"ReadAction\",\"target\":[\"https:\/\/www.pascalvacheypaysagiste.com\/blog\/jardinier-paysagiste-lart-au-service-du-paysage\/\"]}]},{\"@type\":\"BreadcrumbList\",\"@id\":\"https:\/\/www.pascalvacheypaysagiste.com\/blog\/jardinier-paysagiste-lart-au-service-du-paysage\/#breadcrumb\",\"itemListElement\":[{\"@type\":\"ListItem\",\"position\":1,\"name\":\"Accueil\",\"item\":\"https:\/\/www.pascalvacheypaysagiste.com\/blog\/\"},{\"@type\":\"ListItem\",\"position\":2,\"name\":\"Jardinier paysagiste : L&rsquo;art au service du paysage\"}]},{\"@type\":\"WebSite\",\"@id\":\"https:\/\/www.pascalvacheypaysagiste.com\/blog\/#website\",\"url\":\"https:\/\/www.pascalvacheypaysagiste.com\/blog\/\",\"name\":\"Le Blog de Pascal Vachey\",\"description\":\"\",\"potentialAction\":[{\"@type\":\"SearchAction\",\"target\":{\"@type\":\"EntryPoint\",\"urlTemplate\":\"https:\/\/www.pascalvacheypaysagiste.com\/blog\/?s={search_term_string}\"},\"query-input\":\"required name=search_term_string\"}],\"inLanguage\":\"fr-FR\"},{\"@type\":\"Person\",\"@id\":\"https:\/\/www.pascalvacheypaysagiste.com\/blog\/#\/schema\/person\/71a53942d8f4bfe8c76b5898f18ad731\",\"name\":\"Pascal\",\"image\":{\"@type\":\"ImageObject\",\"inLanguage\":\"fr-FR\",\"@id\":\"https:\/\/www.pascalvacheypaysagiste.com\/blog\/#\/schema\/person\/image\/\",\"url\":\"https:\/\/secure.gravatar.com\/avatar\/927d8e4cd2debd3265e7090433aec4fa?s=96&d=mm&r=g\",\"contentUrl\":\"https:\/\/secure.gravatar.com\/avatar\/927d8e4cd2debd3265e7090433aec4fa?s=96&d=mm&r=g\",\"caption\":\"Pascal\"},\"url\":\"https:\/\/www.pascalvacheypaysagiste.com\/blog\/author\/pascalv\/\"}]}<\/script>\n<!-- \/ Yoast SEO plugin. -->","yoast_head_json":{"title":"Jardinier paysagiste : L'art au service du paysage","robots":{"index":"index","follow":"follow","max-snippet":"max-snippet:-1","max-image-preview":"max-image-preview:large","max-video-preview":"max-video-preview:-1"},"canonical":"https:\/\/www.pascalvacheypaysagiste.com\/blog\/jardinier-paysagiste-lart-au-service-du-paysage\/","og_locale":"fr_FR","og_type":"article","og_title":"Jardinier paysagiste : L'art au service du paysage","og_description":"Graffeur et paysagiste, ce n&rsquo;est pas l&rsquo;association la plus \u00e9vidente. Et pourtant, l&rsquo;un peut influencer l&rsquo;autre et vice versa, comme le prouve Harold Jor\u00e9. Il mixe les deux pratiques au quotidien dans l&rsquo;H\u00e9rault.","og_url":"https:\/\/www.pascalvacheypaysagiste.com\/blog\/jardinier-paysagiste-lart-au-service-du-paysage\/","og_site_name":"Le Blog de Pascal Vachey","article_published_time":"2014-11-24T09:34:32+00:00","og_image":[{"width":1212,"height":606,"url":"https:\/\/www.pascalvacheypaysagiste.com\/blog\/wp-content\/uploads\/2014\/11\/vlcsnap-2014-11-20-14h54m01s17.png","type":"image\/png"}],"author":"Pascal","twitter_misc":{"\u00c9crit par":"Pascal","Dur\u00e9e de lecture estim\u00e9e":"1 minute"},"schema":{"@context":"https:\/\/schema.org","@graph":[{"@type":"WebPage","@id":"https:\/\/www.pascalvacheypaysagiste.com\/blog\/jardinier-paysagiste-lart-au-service-du-paysage\/","url":"https:\/\/www.pascalvacheypaysagiste.com\/blog\/jardinier-paysagiste-lart-au-service-du-paysage\/","name":"Jardinier paysagiste : L'art au service du paysage","isPartOf":{"@id":"https:\/\/www.pascalvacheypaysagiste.com\/blog\/#website"},"datePublished":"2014-11-24T09:34:32+00:00","dateModified":"2014-11-24T09:34:32+00:00","author":{"@id":"https:\/\/www.pascalvacheypaysagiste.com\/blog\/#\/schema\/person\/71a53942d8f4bfe8c76b5898f18ad731"},"breadcrumb":{"@id":"https:\/\/www.pascalvacheypaysagiste.com\/blog\/jardinier-paysagiste-lart-au-service-du-paysage\/#breadcrumb"},"inLanguage":"fr-FR","potentialAction":[{"@type":"ReadAction","target":["https:\/\/www.pascalvacheypaysagiste.com\/blog\/jardinier-paysagiste-lart-au-service-du-paysage\/"]}]},{"@type":"BreadcrumbList","@id":"https:\/\/www.pascalvacheypaysagiste.com\/blog\/jardinier-paysagiste-lart-au-service-du-paysage\/#breadcrumb","itemListElement":[{"@type":"ListItem","position":1,"name":"Accueil","item":"https:\/\/www.pascalvacheypaysagiste.com\/blog\/"},{"@type":"ListItem","position":2,"name":"Jardinier paysagiste : L&rsquo;art au service du paysage"}]},{"@type":"WebSite","@id":"https:\/\/www.pascalvacheypaysagiste.com\/blog\/#website","url":"https:\/\/www.pascalvacheypaysagiste.com\/blog\/","name":"Le Blog de Pascal Vachey","description":"","potentialAction":[{"@type":"SearchAction","target":{"@type":"EntryPoint","urlTemplate":"https:\/\/www.pascalvacheypaysagiste.com\/blog\/?s={search_term_string}"},"query-input":"required name=search_term_string"}],"inLanguage":"fr-FR"},{"@type":"Person","@id":"https:\/\/www.pascalvacheypaysagiste.com\/blog\/#\/schema\/person\/71a53942d8f4bfe8c76b5898f18ad731","name":"Pascal","image":{"@type":"ImageObject","inLanguage":"fr-FR","@id":"https:\/\/www.pascalvacheypaysagiste.com\/blog\/#\/schema\/person\/image\/","url":"https:\/\/secure.gravatar.com\/avatar\/927d8e4cd2debd3265e7090433aec4fa?s=96&d=mm&r=g","contentUrl":"https:\/\/secure.gravatar.com\/avatar\/927d8e4cd2debd3265e7090433aec4fa?s=96&d=mm&r=g","caption":"Pascal"},"url":"https:\/\/www.pascalvacheypaysagiste.com\/blog\/author\/pascalv\/"}]}},"_links":{"self":[{"href":"https:\/\/www.pascalvacheypaysagiste.com\/blog\/wp-json\/wp\/v2\/posts\/101"}],"collection":[{"href":"https:\/\/www.pascalvacheypaysagiste.com\/blog\/wp-json\/wp\/v2\/posts"}],"about":[{"href":"https:\/\/www.pascalvacheypaysagiste.com\/blog\/wp-json\/wp\/v2\/types\/post"}],"author":[{"embeddable":true,"href":"https:\/\/www.pascalvacheypaysagiste.com\/blog\/wp-json\/wp\/v2\/users\/1"}],"replies":[{"embeddable":true,"href":"https:\/\/www.pascalvacheypaysagiste.com\/blog\/wp-json\/wp\/v2\/comments?post=101"}],"version-history":[{"count":1,"href":"https:\/\/www.pascalvacheypaysagiste.com\/blog\/wp-json\/wp\/v2\/posts\/101\/revisions"}],"predecessor-version":[{"id":104,"href":"https:\/\/www.pascalvacheypaysagiste.com\/blog\/wp-json\/wp\/v2\/posts\/101\/revisions\/104"}],"wp:featuredmedia":[{"embeddable":true,"href":"https:\/\/www.pascalvacheypaysagiste.com\/blog\/wp-json\/wp\/v2\/media\/102"}],"wp:attachment":[{"href":"https:\/\/www.pascalvacheypaysagiste.com\/blog\/wp-json\/wp\/v2\/media?parent=101"}],"wp:term":[{"taxonomy":"category","embeddable":true,"href":"https:\/\/www.pascalvacheypaysagiste.com\/blog\/wp-json\/wp\/v2\/categories?post=101"},{"taxonomy":"post_tag","embeddable":true,"href":"https:\/\/www.pascalvacheypaysagiste.com\/blog\/wp-json\/wp\/v2\/tags?post=101"}],"curies":[{"name":"wp","href":"https:\/\/api.w.org\/{rel}","templated":true}]}}