{"id":106,"date":"2014-12-17T15:14:49","date_gmt":"2014-12-17T14:14:49","guid":{"rendered":"https:\/\/www.addon-pascalvacheypaysagiste.com.hasi7531.odns.fr\/blog\/?p=106"},"modified":"2014-12-17T15:14:49","modified_gmt":"2014-12-17T14:14:49","slug":"conference-du-paysagiste-gilles-clement","status":"publish","type":"post","link":"https:\/\/www.pascalvacheypaysagiste.com\/blog\/conference-du-paysagiste-gilles-clement\/","title":{"rendered":"Conf\u00e9rence du paysagiste Gilles Cl\u00e9ment"},"content":{"rendered":"<p><img decoding=\"async\" loading=\"lazy\" class=\"alignnone size-full wp-image-107\" src=\"https:\/\/www.addon-pascalvacheypaysagiste.com.hasi7531.odns.fr\/blog\/wp-content\/uploads\/2014\/12\/conference-du-paysagiste-gilles-clement.jpg\" alt=\"\" width=\"640\" height=\"360\" srcset=\"https:\/\/www.pascalvacheypaysagiste.com\/blog\/wp-content\/uploads\/2014\/12\/conference-du-paysagiste-gilles-clement.jpg 640w, https:\/\/www.pascalvacheypaysagiste.com\/blog\/wp-content\/uploads\/2014\/12\/conference-du-paysagiste-gilles-clement-300x168.jpg 300w\" sizes=\"(max-width: 640px) 100vw, 640px\" \/><\/p>\n<p>Parmi ses r\u00e9alisations : le parc Vulcania en Auvergne, le jardin du mus\u00e9e du quai Branly ou le parc Andr\u00e9-Citro\u00ebn \u00e0 Paris. Le paysagiste Gilles Cl\u00e9ment sera \u00e0 Alen\u00e7on mardi.<\/p>\n<p><!--more--><\/p>\n<p><strong>\u00ab\u00a0Le jardinier,<\/strong> dit Gilles Cl\u00e9ment,<strong> c&rsquo;est celui qui a les mains dans la terre.\u00a0\u00bb<\/strong><\/p>\n<p>Son curriculum vitae le pr\u00e9sente comme paysagiste \u00e0 la renomm\u00e9e internationale, cr\u00e9ateur de jardins, th\u00e9oricien du paysage\u2026 Lui se dit avant tout jardinier.<\/p>\n<p>Le jardin de Gilles Cl\u00e9ment est le fruit de sa compr\u00e9hension de la nature. <strong>\u00ab\u00a0C&rsquo;est un jardin o\u00f9 l&rsquo;on essaye de comprendre et d&rsquo;utiliser le g\u00e9nie naturel et de pr\u00e9server la biodiversit\u00e9 dont nous sommes d\u00e9pendants.\u00a0\u00bb<\/strong><\/p>\n<p><a href=\"http:\/\/www.ouest-france.fr\/mardi-alencon-conference-du-paysagiste-gilles-clement-3037491\" target=\"_blank\" rel=\"nofollow\">Lire la suite<\/a><\/p>\n","protected":false},"excerpt":{"rendered":"<p>Parmi ses r\u00e9alisations : le parc Vulcania en Auvergne, le jardin du mus\u00e9e du quai Branly ou le parc Andr\u00e9-Citro\u00ebn \u00e0 Paris. Le paysagiste Gilles Cl\u00e9ment sera \u00e0 Alen\u00e7on mardi.<\/p>\n","protected":false},"author":1,"featured_media":107,"comment_status":"open","ping_status":"open","sticky":false,"template":"","format":"standard","meta":{"footnotes":"","twitterCardType":"summary_large_image","cardImageID":0,"cardImage":"","cardTitle":"","cardDesc":"","cardImageAlt":"","cardPlayer":"","cardPlayerWidth":0,"cardPlayerHeight":0,"cardPlayerStream":"","cardPlayerCodec":""},"categories":[2],"tags":[],"yoast_head":"<!-- This site is optimized with the Yoast SEO plugin v21.6 - https:\/\/yoast.com\/wordpress\/plugins\/seo\/ -->\n<title>Conf\u00e9rence du paysagiste Gilles Cl\u00e9ment<\/title>\n<meta name=\"robots\" content=\"index, follow, max-snippet:-1, max-image-preview:large, max-video-preview:-1\" \/>\n<link rel=\"canonical\" href=\"http:\/\/www.ouest-france.fr\/mardi-alencon-conference-du-paysagiste-gilles-clement-3037491\" \/>\n<meta property=\"og:locale\" content=\"fr_FR\" \/>\n<meta property=\"og:type\" content=\"article\" \/>\n<meta property=\"og:title\" content=\"Conf\u00e9rence du paysagiste Gilles Cl\u00e9ment\" \/>\n<meta property=\"og:description\" content=\"Parmi ses r\u00e9alisations : le parc Vulcania en Auvergne, le jardin du mus\u00e9e du quai Branly ou le parc Andr\u00e9-Citro\u00ebn \u00e0 Paris. Le paysagiste Gilles Cl\u00e9ment sera \u00e0 Alen\u00e7on mardi.\" \/>\n<meta property=\"og:url\" content=\"http:\/\/www.ouest-france.fr\/mardi-alencon-conference-du-paysagiste-gilles-clement-3037491\" \/>\n<meta property=\"og:site_name\" content=\"Le Blog de Pascal Vachey\" \/>\n<meta property=\"article:published_time\" content=\"2014-12-17T14:14:49+00:00\" \/>\n<meta property=\"og:image\" content=\"https:\/\/www.pascalvacheypaysagiste.com\/blog\/wp-content\/uploads\/2014\/12\/conference-du-paysagiste-gilles-clement.jpg\" \/>\n\t<meta property=\"og:image:width\" content=\"640\" \/>\n\t<meta property=\"og:image:height\" content=\"360\" \/>\n\t<meta property=\"og:image:type\" content=\"image\/jpeg\" \/>\n<meta name=\"author\" content=\"Pascal\" \/>\n<meta name=\"twitter:label1\" content=\"\u00c9crit par\" \/>\n\t<meta name=\"twitter:data1\" content=\"Pascal\" \/>\n\t<meta name=\"twitter:label2\" content=\"Dur\u00e9e de lecture estim\u00e9e\" \/>\n\t<meta name=\"twitter:data2\" content=\"1 minute\" \/>\n<script type=\"application\/ld+json\" class=\"yoast-schema-graph\">{\"@context\":\"https:\/\/schema.org\",\"@graph\":[{\"@type\":\"WebPage\",\"@id\":\"https:\/\/www.pascalvacheypaysagiste.com\/blog\/conference-du-paysagiste-gilles-clement\/\",\"url\":\"http:\/\/www.ouest-france.fr\/mardi-alencon-conference-du-paysagiste-gilles-clement-3037491\",\"name\":\"Conf\u00e9rence du paysagiste Gilles Cl\u00e9ment\",\"isPartOf\":{\"@id\":\"https:\/\/www.pascalvacheypaysagiste.com\/blog\/#website\"},\"datePublished\":\"2014-12-17T14:14:49+00:00\",\"dateModified\":\"2014-12-17T14:14:49+00:00\",\"author\":{\"@id\":\"https:\/\/www.pascalvacheypaysagiste.com\/blog\/#\/schema\/person\/71a53942d8f4bfe8c76b5898f18ad731\"},\"breadcrumb\":{\"@id\":\"http:\/\/www.ouest-france.fr\/mardi-alencon-conference-du-paysagiste-gilles-clement-3037491#breadcrumb\"},\"inLanguage\":\"fr-FR\",\"potentialAction\":[{\"@type\":\"ReadAction\",\"target\":[\"http:\/\/www.ouest-france.fr\/mardi-alencon-conference-du-paysagiste-gilles-clement-3037491\"]}]},{\"@type\":\"BreadcrumbList\",\"@id\":\"http:\/\/www.ouest-france.fr\/mardi-alencon-conference-du-paysagiste-gilles-clement-3037491#breadcrumb\",\"itemListElement\":[{\"@type\":\"ListItem\",\"position\":1,\"name\":\"Accueil\",\"item\":\"https:\/\/www.pascalvacheypaysagiste.com\/blog\/\"},{\"@type\":\"ListItem\",\"position\":2,\"name\":\"Conf\u00e9rence du paysagiste Gilles Cl\u00e9ment\"}]},{\"@type\":\"WebSite\",\"@id\":\"https:\/\/www.pascalvacheypaysagiste.com\/blog\/#website\",\"url\":\"https:\/\/www.pascalvacheypaysagiste.com\/blog\/\",\"name\":\"Le Blog de Pascal Vachey\",\"description\":\"\",\"potentialAction\":[{\"@type\":\"SearchAction\",\"target\":{\"@type\":\"EntryPoint\",\"urlTemplate\":\"https:\/\/www.pascalvacheypaysagiste.com\/blog\/?s={search_term_string}\"},\"query-input\":\"required name=search_term_string\"}],\"inLanguage\":\"fr-FR\"},{\"@type\":\"Person\",\"@id\":\"https:\/\/www.pascalvacheypaysagiste.com\/blog\/#\/schema\/person\/71a53942d8f4bfe8c76b5898f18ad731\",\"name\":\"Pascal\",\"image\":{\"@type\":\"ImageObject\",\"inLanguage\":\"fr-FR\",\"@id\":\"https:\/\/www.pascalvacheypaysagiste.com\/blog\/#\/schema\/person\/image\/\",\"url\":\"https:\/\/secure.gravatar.com\/avatar\/927d8e4cd2debd3265e7090433aec4fa?s=96&d=mm&r=g\",\"contentUrl\":\"https:\/\/secure.gravatar.com\/avatar\/927d8e4cd2debd3265e7090433aec4fa?s=96&d=mm&r=g\",\"caption\":\"Pascal\"},\"url\":\"https:\/\/www.pascalvacheypaysagiste.com\/blog\/author\/pascalv\/\"}]}<\/script>\n<!-- \/ Yoast SEO plugin. -->","yoast_head_json":{"title":"Conf\u00e9rence du paysagiste Gilles Cl\u00e9ment","robots":{"index":"index","follow":"follow","max-snippet":"max-snippet:-1","max-image-preview":"max-image-preview:large","max-video-preview":"max-video-preview:-1"},"canonical":"http:\/\/www.ouest-france.fr\/mardi-alencon-conference-du-paysagiste-gilles-clement-3037491","og_locale":"fr_FR","og_type":"article","og_title":"Conf\u00e9rence du paysagiste Gilles Cl\u00e9ment","og_description":"Parmi ses r\u00e9alisations : le parc Vulcania en Auvergne, le jardin du mus\u00e9e du quai Branly ou le parc Andr\u00e9-Citro\u00ebn \u00e0 Paris. Le paysagiste Gilles Cl\u00e9ment sera \u00e0 Alen\u00e7on mardi.","og_url":"http:\/\/www.ouest-france.fr\/mardi-alencon-conference-du-paysagiste-gilles-clement-3037491","og_site_name":"Le Blog de Pascal Vachey","article_published_time":"2014-12-17T14:14:49+00:00","og_image":[{"width":640,"height":360,"url":"https:\/\/www.pascalvacheypaysagiste.com\/blog\/wp-content\/uploads\/2014\/12\/conference-du-paysagiste-gilles-clement.jpg","type":"image\/jpeg"}],"author":"Pascal","twitter_misc":{"\u00c9crit par":"Pascal","Dur\u00e9e de lecture estim\u00e9e":"1 minute"},"schema":{"@context":"https:\/\/schema.org","@graph":[{"@type":"WebPage","@id":"https:\/\/www.pascalvacheypaysagiste.com\/blog\/conference-du-paysagiste-gilles-clement\/","url":"http:\/\/www.ouest-france.fr\/mardi-alencon-conference-du-paysagiste-gilles-clement-3037491","name":"Conf\u00e9rence du paysagiste Gilles Cl\u00e9ment","isPartOf":{"@id":"https:\/\/www.pascalvacheypaysagiste.com\/blog\/#website"},"datePublished":"2014-12-17T14:14:49+00:00","dateModified":"2014-12-17T14:14:49+00:00","author":{"@id":"https:\/\/www.pascalvacheypaysagiste.com\/blog\/#\/schema\/person\/71a53942d8f4bfe8c76b5898f18ad731"},"breadcrumb":{"@id":"http:\/\/www.ouest-france.fr\/mardi-alencon-conference-du-paysagiste-gilles-clement-3037491#breadcrumb"},"inLanguage":"fr-FR","potentialAction":[{"@type":"ReadAction","target":["http:\/\/www.ouest-france.fr\/mardi-alencon-conference-du-paysagiste-gilles-clement-3037491"]}]},{"@type":"BreadcrumbList","@id":"http:\/\/www.ouest-france.fr\/mardi-alencon-conference-du-paysagiste-gilles-clement-3037491#breadcrumb","itemListElement":[{"@type":"ListItem","position":1,"name":"Accueil","item":"https:\/\/www.pascalvacheypaysagiste.com\/blog\/"},{"@type":"ListItem","position":2,"name":"Conf\u00e9rence du paysagiste Gilles Cl\u00e9ment"}]},{"@type":"WebSite","@id":"https:\/\/www.pascalvacheypaysagiste.com\/blog\/#website","url":"https:\/\/www.pascalvacheypaysagiste.com\/blog\/","name":"Le Blog de Pascal Vachey","description":"","potentialAction":[{"@type":"SearchAction","target":{"@type":"EntryPoint","urlTemplate":"https:\/\/www.pascalvacheypaysagiste.com\/blog\/?s={search_term_string}"},"query-input":"required name=search_term_string"}],"inLanguage":"fr-FR"},{"@type":"Person","@id":"https:\/\/www.pascalvacheypaysagiste.com\/blog\/#\/schema\/person\/71a53942d8f4bfe8c76b5898f18ad731","name":"Pascal","image":{"@type":"ImageObject","inLanguage":"fr-FR","@id":"https:\/\/www.pascalvacheypaysagiste.com\/blog\/#\/schema\/person\/image\/","url":"https:\/\/secure.gravatar.com\/avatar\/927d8e4cd2debd3265e7090433aec4fa?s=96&d=mm&r=g","contentUrl":"https:\/\/secure.gravatar.com\/avatar\/927d8e4cd2debd3265e7090433aec4fa?s=96&d=mm&r=g","caption":"Pascal"},"url":"https:\/\/www.pascalvacheypaysagiste.com\/blog\/author\/pascalv\/"}]}},"_links":{"self":[{"href":"https:\/\/www.pascalvacheypaysagiste.com\/blog\/wp-json\/wp\/v2\/posts\/106"}],"collection":[{"href":"https:\/\/www.pascalvacheypaysagiste.com\/blog\/wp-json\/wp\/v2\/posts"}],"about":[{"href":"https:\/\/www.pascalvacheypaysagiste.com\/blog\/wp-json\/wp\/v2\/types\/post"}],"author":[{"embeddable":true,"href":"https:\/\/www.pascalvacheypaysagiste.com\/blog\/wp-json\/wp\/v2\/users\/1"}],"replies":[{"embeddable":true,"href":"https:\/\/www.pascalvacheypaysagiste.com\/blog\/wp-json\/wp\/v2\/comments?post=106"}],"version-history":[{"count":1,"href":"https:\/\/www.pascalvacheypaysagiste.com\/blog\/wp-json\/wp\/v2\/posts\/106\/revisions"}],"predecessor-version":[{"id":108,"href":"https:\/\/www.pascalvacheypaysagiste.com\/blog\/wp-json\/wp\/v2\/posts\/106\/revisions\/108"}],"wp:featuredmedia":[{"embeddable":true,"href":"https:\/\/www.pascalvacheypaysagiste.com\/blog\/wp-json\/wp\/v2\/media\/107"}],"wp:attachment":[{"href":"https:\/\/www.pascalvacheypaysagiste.com\/blog\/wp-json\/wp\/v2\/media?parent=106"}],"wp:term":[{"taxonomy":"category","embeddable":true,"href":"https:\/\/www.pascalvacheypaysagiste.com\/blog\/wp-json\/wp\/v2\/categories?post=106"},{"taxonomy":"post_tag","embeddable":true,"href":"https:\/\/www.pascalvacheypaysagiste.com\/blog\/wp-json\/wp\/v2\/tags?post=106"}],"curies":[{"name":"wp","href":"https:\/\/api.w.org\/{rel}","templated":true}]}}