{"id":334,"date":"2016-11-18T15:37:00","date_gmt":"2016-11-18T14:37:00","guid":{"rendered":"https:\/\/www.addon-pascalvacheypaysagiste.com.hasi7531.odns.fr\/blog\/?p=334"},"modified":"2017-01-05T15:27:07","modified_gmt":"2017-01-05T14:27:07","slug":"se-detendre-grace-a-un-jardin-japonais","status":"publish","type":"post","link":"https:\/\/www.pascalvacheypaysagiste.com\/blog\/se-detendre-grace-a-un-jardin-japonais\/","title":{"rendered":"Se d\u00e9tendre gr\u00e2ce \u00e0 un jardin japonais"},"content":{"rendered":"<p style=\"text-align: center\"><a href=\"https:\/\/www.addon-pascalvacheypaysagiste.com.hasi7531.odns.fr\/blog\/wp-content\/uploads\/2016\/11\/jardin-japonais-buis-arbustes-exotiques-pavillon-assorti-e1456048258685.jpg\" target=\"_blank\" rel=\"nofollow\"><img decoding=\"async\" loading=\"lazy\" class=\"alignnone size-medium wp-image-335\" src=\"https:\/\/www.addon-pascalvacheypaysagiste.com.hasi7531.odns.fr\/blog\/wp-content\/uploads\/2016\/11\/jardin-japonais-buis-arbustes-exotiques-pavillon-assorti-e1456048258685-300x218.jpg\" alt=\"jardin-japonais-buis-arbustes-exotiques-pavillon-assorti-e1456048258685\" width=\"300\" height=\"218\" srcset=\"https:\/\/www.pascalvacheypaysagiste.com\/blog\/wp-content\/uploads\/2016\/11\/jardin-japonais-buis-arbustes-exotiques-pavillon-assorti-e1456048258685-300x218.jpg 300w, https:\/\/www.pascalvacheypaysagiste.com\/blog\/wp-content\/uploads\/2016\/11\/jardin-japonais-buis-arbustes-exotiques-pavillon-assorti-e1456048258685.jpg 750w\" sizes=\"(max-width: 300px) 100vw, 300px\" \/><\/a><\/p>\n<p style=\"text-align: left\">Au Japon la culture du jardin est tout un art. On la retrouve dans les peintures chinoises repr\u00e9sentant le paradis sur Terre. Issue de la tradition japonaise antique, on retrouve ses origines dans les \u00e9changes et l&rsquo;influence de la Chine avec l&rsquo;adoption par les japonais, d\u00e8s le VI\u00e8me si\u00e8cle de la philosophie bouddhiste. Le jardin japonais est cultiv\u00e9 aussi bien dans les temples que dans les jardins priv\u00e9s et se d\u00e9veloppe de plus en plus dans les jardins publiques comme \u00e0 Toulouse.<\/p>\n<p>&nbsp;<\/p>\n<h1>Principe du jardin japonais<\/h1>\n<p><strong>La simplification et le minimalisme<\/strong> sont les ma\u00eetres mots du jardin japonais. En effet, ils se veulent sereins, invitant \u00e0 la qui\u00e9tude, tel le lieu id\u00e9al pour pouvoir se reposer et adonner son esprit \u00e0 la spiritualit\u00e9. La miniaturisation a pour but la repr\u00e9sentation de nombreux paysages en un petit espace o\u00f9 l&rsquo;on retrouvera la rivi\u00e8re, la mer ou les montagnes.<br \/>\nDe plus, <strong>le jardin japonais dissimule ses richesses.<\/strong> On ne peut pas tout voir au premier regard, il faut bien regarder pour pouvoir tout d\u00e9couvrir. Cacher les \u00e9l\u00e9ments rend le jardin plus int\u00e9ressant et le fait para\u00eetre plus grand.<br \/>\nEn outre, le symbolisme fait partie int\u00e9grante du paysage japonais. Chaque plante, chaque d\u00e9coration a une signification bien particuli\u00e8re. Par exemple, le cerisier du Japon symbolise la beaut\u00e9 \u00e9ph\u00e9m\u00e8re de la nature. Les pierres et les arbres sont souvent dispos\u00e9s en triangle, symbole de la <strong>trinit\u00e9 bouddhiste.<\/strong><\/p>\n<h2><a href=\"https:\/\/www.addon-pascalvacheypaysagiste.com.hasi7531.odns.fr\/blog\/wp-content\/uploads\/2016\/11\/prunus_accolade.jpg\" target=\"_blank\" rel=\"nofollow\"><img decoding=\"async\" loading=\"lazy\" class=\"wp-image-338 aligncenter\" src=\"https:\/\/www.addon-pascalvacheypaysagiste.com.hasi7531.odns.fr\/blog\/wp-content\/uploads\/2016\/11\/prunus_accolade-300x225.jpg\" alt=\"prunus_accolade\" width=\"429\" height=\"322\" srcset=\"https:\/\/www.pascalvacheypaysagiste.com\/blog\/wp-content\/uploads\/2016\/11\/prunus_accolade-300x225.jpg 300w, https:\/\/www.pascalvacheypaysagiste.com\/blog\/wp-content\/uploads\/2016\/11\/prunus_accolade.jpg 576w\" sizes=\"(max-width: 429px) 100vw, 429px\" \/><\/a><\/h2>\n<h1>Entre sobri\u00e9t\u00e9 et asym\u00e9trie<\/h1>\n<p>\u00a0\u00bb L&rsquo;harmonie na\u00eet du d\u00e9s\u00e9quilibre \u00a0\u00bb<br \/>\nLes all\u00e9es droites et bien rang\u00e9es ne favorisent pas le positivisme et la s\u00e9r\u00e9nit\u00e9, mais repr\u00e9sentent plut\u00f4t les jardins fran\u00e7ais ou anglais. L&rsquo;asym\u00e9trie \u00e9vite qu&rsquo;un objet ou un aspect soit d\u00e9s\u00e9quilibr\u00e9 dans le paysage en \u00e9tant en position dominante par rapport aux autres. <strong>L&rsquo;art nippon<\/strong> se voulant dissimulateur, il faut donc accompagner subtilement le regard du spectateur d&rsquo;un point \u00e0 un autre.<br \/>\nEn outre, le jardin japonais se veut sobre. Il n&rsquo;y a donc jamais de<strong> surcharge d\u00e9corative.<\/strong> Il faut en privil\u00e9gier une, comme un pont ou une lanterne qui laisse parler l&rsquo;imaginaire. Les mat\u00e9riaux bruts ou mats sont \u00e0 privil\u00e9gier pour cr\u00e9er une harmonie entre la forme des plantes, des rochers et des \u00e9l\u00e9ments d\u00e9coratifs ext\u00e9rieurs.<br \/>\nEnfin, les japonais pensent que les nombres impairs sont signe de bonne augure. Eviter de planter des v\u00e9g\u00e9taux par deux ou quatre, mais favoriser les nombre 3, 5 et 7. Cela apportera du positivisme \u00e0 votre jardin.<\/p>\n<p style=\"text-align: center\">\u00a0 \u00a0 \u00a0 \u00a0<a href=\"https:\/\/www.addon-pascalvacheypaysagiste.com.hasi7531.odns.fr\/blog\/wp-content\/uploads\/2016\/11\/0e3cdfe7400e916b35e3071491c67e2f.jpg\" target=\"_blank\" rel=\"nofollow\"><img decoding=\"async\" loading=\"lazy\" class=\"alignnone wp-image-339\" src=\"https:\/\/www.addon-pascalvacheypaysagiste.com.hasi7531.odns.fr\/blog\/wp-content\/uploads\/2016\/11\/0e3cdfe7400e916b35e3071491c67e2f-300x184.jpg\" alt=\"0e3cdfe7400e916b35e3071491c67e2f\" width=\"374\" height=\"229\" srcset=\"https:\/\/www.pascalvacheypaysagiste.com\/blog\/wp-content\/uploads\/2016\/11\/0e3cdfe7400e916b35e3071491c67e2f-300x184.jpg 300w, https:\/\/www.pascalvacheypaysagiste.com\/blog\/wp-content\/uploads\/2016\/11\/0e3cdfe7400e916b35e3071491c67e2f.jpg 425w\" sizes=\"(max-width: 374px) 100vw, 374px\" \/><\/a><\/p>\n<h1>L&rsquo;espace entre les \u00e9l\u00e9ments<\/h1>\n<p>L&rsquo;espace entre les \u00e9l\u00e9ments doit \u00eatre respect\u00e9 pour pouvoir mettre en valeur le jardin. Ne jamais oublier que la simplicit\u00e9 est la mati\u00e8re premi\u00e8re du jardin japonais. Si il y a une forte accumulation de v\u00e9g\u00e9taux ou de d\u00e9coration, la simplicit\u00e9 se perd en m\u00eame temps que la s\u00e9r\u00e9nit\u00e9. Il faut arriver \u00e0 mettre en valeur des \u00e9l\u00e9ments simples, en les espa\u00e7ant ou les isolant par exemple.<br \/>\nDe plus, la nature \u00e9tant primordial, le mobilier de jardin en mati\u00e8re synth\u00e9tique est proscrit. Pour pouvoir \u00eatre en coh\u00e9sion avec la nature et l&rsquo;esprit \u00e9ph\u00e9m\u00e8re japonais, il vaut mieux privil\u00e9gier les mat\u00e9riaux naturels m\u00eame si ils ne sont pas durables comme les mat\u00e9riaux synth\u00e9tiques. Cela va former une coh\u00e9rence qui rendra le<strong> jardin en harmonie avec la nature<\/strong>.<\/p>\n<p><a href=\"https:\/\/www.addon-pascalvacheypaysagiste.com.hasi7531.odns.fr\/blog\/wp-content\/uploads\/2016\/11\/amenagement-600x450.jpg\" target=\"_blank\" rel=\"nofollow\"><img decoding=\"async\" loading=\"lazy\" class=\"wp-image-337 alignleft\" src=\"https:\/\/www.addon-pascalvacheypaysagiste.com.hasi7531.odns.fr\/blog\/wp-content\/uploads\/2016\/11\/amenagement-600x450-300x225.jpg\" alt=\"amenagement-600x450\" width=\"251\" height=\"188\" srcset=\"https:\/\/www.pascalvacheypaysagiste.com\/blog\/wp-content\/uploads\/2016\/11\/amenagement-600x450-300x225.jpg 300w, https:\/\/www.pascalvacheypaysagiste.com\/blog\/wp-content\/uploads\/2016\/11\/amenagement-600x450.jpg 600w\" sizes=\"(max-width: 251px) 100vw, 251px\" \/><\/a><a href=\"https:\/\/www.addon-pascalvacheypaysagiste.com.hasi7531.odns.fr\/blog\/wp-content\/uploads\/2016\/11\/fr_pp0002_0.jpg\" target=\"_blank\" rel=\"nofollow\"><img decoding=\"async\" loading=\"lazy\" class=\"wp-image-340 alignright\" src=\"https:\/\/www.addon-pascalvacheypaysagiste.com.hasi7531.odns.fr\/blog\/wp-content\/uploads\/2016\/11\/fr_pp0002_0.jpg\" alt=\"fr_pp0002_0\" width=\"282\" height=\"188\" \/><\/a><\/p>\n<p>&nbsp;<\/p>\n<p>&nbsp;<\/p>\n<p>&nbsp;<\/p>\n<p>&nbsp;<\/p>\n<p>&nbsp;<\/p>\n<p>&nbsp;<\/p>\n<p>On peut donc en conclure que le jardin japonais n&rsquo;est pas de toute aisance \u00e0 cr\u00e9er. Il faut \u00e9viter de s&rsquo;\u00e9parpiller en accumulant les styles d\u00e9coratifs mais favoriser l&rsquo;espace entre les plantations. Le jardin japonais se veut en harmonie avec la nature, mais le jardin ne doit pas \u00eatre en d\u00e9saccord avec l&rsquo;int\u00e9rieur de la maison. L\u00e0 est la plus grande difficult\u00e9 \u00e0 surmonter.<\/p>\n<p>Si ce jardin vous int\u00e9resse, Pascal Vachey est en capacit\u00e9 de recr\u00e9er toutes les \u00e9motions que vous souhaitez dans votre ext\u00e9rieur. Artiste paysagiste depuis 1988, il a toutes les comp\u00e9tences n\u00e9cessaires pour cr\u00e9er le jardin japonais dont vous r\u00eaviez.<br \/>\nPour le contacter :\u00a004 42 81 33 70 ou\u00a0www.pascalvacheypaysagiste.com pour admirer ses cr\u00e9ations.<\/p>\n","protected":false},"excerpt":{"rendered":"<p>Au Japon la culture du jardin est tout un art. On la retrouve dans les peintures chinoises repr\u00e9sentant le paradis sur Terre. Issue de la tradition japonaise antique, on retrouve ses origines dans les&#46;&#46;&#46;<\/p>\n","protected":false},"author":2,"featured_media":335,"comment_status":"open","ping_status":"open","sticky":false,"template":"","format":"standard","meta":{"footnotes":"","twitterCardType":"summary_large_image","cardImageID":0,"cardImage":"","cardTitle":"","cardDesc":"","cardImageAlt":"","cardPlayer":"","cardPlayerWidth":0,"cardPlayerHeight":0,"cardPlayerStream":"","cardPlayerCodec":""},"categories":[2,7],"tags":[],"yoast_head":"<!-- This site is optimized with the Yoast SEO plugin v21.6 - https:\/\/yoast.com\/wordpress\/plugins\/seo\/ -->\n<title>Se d\u00e9tendre gr\u00e2ce \u00e0 un jardin japonais<\/title>\n<meta name=\"description\" content=\"Retrouvez les diff\u00e9rentes sp\u00e9cificit\u00e9s et caract\u00e9ristiques du jardin japonais. D\u00e9couvrez comment le cr\u00e9er selon des indications d&#039;un artiste paysagiste.\" \/>\n<meta name=\"robots\" content=\"index, follow, max-snippet:-1, max-image-preview:large, max-video-preview:-1\" \/>\n<link rel=\"canonical\" href=\"https:\/\/www.pascalvacheypaysagiste.com\/blog\/se-detendre-grace-a-un-jardin-japonais\/\" \/>\n<meta property=\"og:locale\" content=\"fr_FR\" \/>\n<meta property=\"og:type\" content=\"article\" \/>\n<meta property=\"og:title\" content=\"Se d\u00e9tendre gr\u00e2ce \u00e0 un jardin japonais\" \/>\n<meta property=\"og:description\" content=\"Retrouvez les diff\u00e9rentes sp\u00e9cificit\u00e9s et caract\u00e9ristiques du jardin japonais. D\u00e9couvrez comment le cr\u00e9er selon des indications d&#039;un artiste paysagiste.\" \/>\n<meta property=\"og:url\" content=\"https:\/\/www.pascalvacheypaysagiste.com\/blog\/se-detendre-grace-a-un-jardin-japonais\/\" \/>\n<meta property=\"og:site_name\" content=\"Le Blog de Pascal Vachey\" \/>\n<meta property=\"article:published_time\" content=\"2016-11-18T14:37:00+00:00\" \/>\n<meta property=\"article:modified_time\" content=\"2017-01-05T14:27:07+00:00\" \/>\n<meta property=\"og:image\" content=\"https:\/\/www.pascalvacheypaysagiste.com\/blog\/wp-content\/uploads\/2016\/11\/jardin-japonais-buis-arbustes-exotiques-pavillon-assorti-e1456048258685.jpg\" \/>\n\t<meta property=\"og:image:width\" content=\"750\" \/>\n\t<meta property=\"og:image:height\" content=\"545\" \/>\n\t<meta property=\"og:image:type\" content=\"image\/jpeg\" \/>\n<meta name=\"author\" content=\"Marine\" \/>\n<meta name=\"twitter:label1\" content=\"\u00c9crit par\" \/>\n\t<meta name=\"twitter:data1\" content=\"Marine\" \/>\n\t<meta name=\"twitter:label2\" content=\"Dur\u00e9e de lecture estim\u00e9e\" \/>\n\t<meta name=\"twitter:data2\" content=\"4 minutes\" \/>\n<script type=\"application\/ld+json\" class=\"yoast-schema-graph\">{\"@context\":\"https:\/\/schema.org\",\"@graph\":[{\"@type\":\"WebPage\",\"@id\":\"https:\/\/www.pascalvacheypaysagiste.com\/blog\/se-detendre-grace-a-un-jardin-japonais\/\",\"url\":\"https:\/\/www.pascalvacheypaysagiste.com\/blog\/se-detendre-grace-a-un-jardin-japonais\/\",\"name\":\"Se d\u00e9tendre gr\u00e2ce \u00e0 un jardin japonais\",\"isPartOf\":{\"@id\":\"https:\/\/www.pascalvacheypaysagiste.com\/blog\/#website\"},\"datePublished\":\"2016-11-18T14:37:00+00:00\",\"dateModified\":\"2017-01-05T14:27:07+00:00\",\"author\":{\"@id\":\"https:\/\/www.pascalvacheypaysagiste.com\/blog\/#\/schema\/person\/51750a2b2788578f6fc9b619b28da6fa\"},\"description\":\"Retrouvez les diff\u00e9rentes sp\u00e9cificit\u00e9s et caract\u00e9ristiques du jardin japonais. D\u00e9couvrez comment le cr\u00e9er selon des indications d'un artiste paysagiste.\",\"breadcrumb\":{\"@id\":\"https:\/\/www.pascalvacheypaysagiste.com\/blog\/se-detendre-grace-a-un-jardin-japonais\/#breadcrumb\"},\"inLanguage\":\"fr-FR\",\"potentialAction\":[{\"@type\":\"ReadAction\",\"target\":[\"https:\/\/www.pascalvacheypaysagiste.com\/blog\/se-detendre-grace-a-un-jardin-japonais\/\"]}]},{\"@type\":\"BreadcrumbList\",\"@id\":\"https:\/\/www.pascalvacheypaysagiste.com\/blog\/se-detendre-grace-a-un-jardin-japonais\/#breadcrumb\",\"itemListElement\":[{\"@type\":\"ListItem\",\"position\":1,\"name\":\"Accueil\",\"item\":\"https:\/\/www.pascalvacheypaysagiste.com\/blog\/\"},{\"@type\":\"ListItem\",\"position\":2,\"name\":\"Se d\u00e9tendre gr\u00e2ce \u00e0 un jardin japonais\"}]},{\"@type\":\"WebSite\",\"@id\":\"https:\/\/www.pascalvacheypaysagiste.com\/blog\/#website\",\"url\":\"https:\/\/www.pascalvacheypaysagiste.com\/blog\/\",\"name\":\"Le Blog de Pascal Vachey\",\"description\":\"\",\"potentialAction\":[{\"@type\":\"SearchAction\",\"target\":{\"@type\":\"EntryPoint\",\"urlTemplate\":\"https:\/\/www.pascalvacheypaysagiste.com\/blog\/?s={search_term_string}\"},\"query-input\":\"required name=search_term_string\"}],\"inLanguage\":\"fr-FR\"},{\"@type\":\"Person\",\"@id\":\"https:\/\/www.pascalvacheypaysagiste.com\/blog\/#\/schema\/person\/51750a2b2788578f6fc9b619b28da6fa\",\"name\":\"Marine\",\"image\":{\"@type\":\"ImageObject\",\"inLanguage\":\"fr-FR\",\"@id\":\"https:\/\/www.pascalvacheypaysagiste.com\/blog\/#\/schema\/person\/image\/\",\"url\":\"https:\/\/secure.gravatar.com\/avatar\/4efabf668d2674e371f2c2b9e1af1dab?s=96&d=mm&r=g\",\"contentUrl\":\"https:\/\/secure.gravatar.com\/avatar\/4efabf668d2674e371f2c2b9e1af1dab?s=96&d=mm&r=g\",\"caption\":\"Marine\"},\"url\":\"https:\/\/www.pascalvacheypaysagiste.com\/blog\/author\/marine\/\"}]}<\/script>\n<!-- \/ Yoast SEO plugin. -->","yoast_head_json":{"title":"Se d\u00e9tendre gr\u00e2ce \u00e0 un jardin japonais","description":"Retrouvez les diff\u00e9rentes sp\u00e9cificit\u00e9s et caract\u00e9ristiques du jardin japonais. D\u00e9couvrez comment le cr\u00e9er selon des indications d'un artiste paysagiste.","robots":{"index":"index","follow":"follow","max-snippet":"max-snippet:-1","max-image-preview":"max-image-preview:large","max-video-preview":"max-video-preview:-1"},"canonical":"https:\/\/www.pascalvacheypaysagiste.com\/blog\/se-detendre-grace-a-un-jardin-japonais\/","og_locale":"fr_FR","og_type":"article","og_title":"Se d\u00e9tendre gr\u00e2ce \u00e0 un jardin japonais","og_description":"Retrouvez les diff\u00e9rentes sp\u00e9cificit\u00e9s et caract\u00e9ristiques du jardin japonais. D\u00e9couvrez comment le cr\u00e9er selon des indications d'un artiste paysagiste.","og_url":"https:\/\/www.pascalvacheypaysagiste.com\/blog\/se-detendre-grace-a-un-jardin-japonais\/","og_site_name":"Le Blog de Pascal Vachey","article_published_time":"2016-11-18T14:37:00+00:00","article_modified_time":"2017-01-05T14:27:07+00:00","og_image":[{"width":750,"height":545,"url":"https:\/\/www.pascalvacheypaysagiste.com\/blog\/wp-content\/uploads\/2016\/11\/jardin-japonais-buis-arbustes-exotiques-pavillon-assorti-e1456048258685.jpg","type":"image\/jpeg"}],"author":"Marine","twitter_misc":{"\u00c9crit par":"Marine","Dur\u00e9e de lecture estim\u00e9e":"4 minutes"},"schema":{"@context":"https:\/\/schema.org","@graph":[{"@type":"WebPage","@id":"https:\/\/www.pascalvacheypaysagiste.com\/blog\/se-detendre-grace-a-un-jardin-japonais\/","url":"https:\/\/www.pascalvacheypaysagiste.com\/blog\/se-detendre-grace-a-un-jardin-japonais\/","name":"Se d\u00e9tendre gr\u00e2ce \u00e0 un jardin japonais","isPartOf":{"@id":"https:\/\/www.pascalvacheypaysagiste.com\/blog\/#website"},"datePublished":"2016-11-18T14:37:00+00:00","dateModified":"2017-01-05T14:27:07+00:00","author":{"@id":"https:\/\/www.pascalvacheypaysagiste.com\/blog\/#\/schema\/person\/51750a2b2788578f6fc9b619b28da6fa"},"description":"Retrouvez les diff\u00e9rentes sp\u00e9cificit\u00e9s et caract\u00e9ristiques du jardin japonais. D\u00e9couvrez comment le cr\u00e9er selon des indications d'un artiste paysagiste.","breadcrumb":{"@id":"https:\/\/www.pascalvacheypaysagiste.com\/blog\/se-detendre-grace-a-un-jardin-japonais\/#breadcrumb"},"inLanguage":"fr-FR","potentialAction":[{"@type":"ReadAction","target":["https:\/\/www.pascalvacheypaysagiste.com\/blog\/se-detendre-grace-a-un-jardin-japonais\/"]}]},{"@type":"BreadcrumbList","@id":"https:\/\/www.pascalvacheypaysagiste.com\/blog\/se-detendre-grace-a-un-jardin-japonais\/#breadcrumb","itemListElement":[{"@type":"ListItem","position":1,"name":"Accueil","item":"https:\/\/www.pascalvacheypaysagiste.com\/blog\/"},{"@type":"ListItem","position":2,"name":"Se d\u00e9tendre gr\u00e2ce \u00e0 un jardin japonais"}]},{"@type":"WebSite","@id":"https:\/\/www.pascalvacheypaysagiste.com\/blog\/#website","url":"https:\/\/www.pascalvacheypaysagiste.com\/blog\/","name":"Le Blog de Pascal Vachey","description":"","potentialAction":[{"@type":"SearchAction","target":{"@type":"EntryPoint","urlTemplate":"https:\/\/www.pascalvacheypaysagiste.com\/blog\/?s={search_term_string}"},"query-input":"required name=search_term_string"}],"inLanguage":"fr-FR"},{"@type":"Person","@id":"https:\/\/www.pascalvacheypaysagiste.com\/blog\/#\/schema\/person\/51750a2b2788578f6fc9b619b28da6fa","name":"Marine","image":{"@type":"ImageObject","inLanguage":"fr-FR","@id":"https:\/\/www.pascalvacheypaysagiste.com\/blog\/#\/schema\/person\/image\/","url":"https:\/\/secure.gravatar.com\/avatar\/4efabf668d2674e371f2c2b9e1af1dab?s=96&d=mm&r=g","contentUrl":"https:\/\/secure.gravatar.com\/avatar\/4efabf668d2674e371f2c2b9e1af1dab?s=96&d=mm&r=g","caption":"Marine"},"url":"https:\/\/www.pascalvacheypaysagiste.com\/blog\/author\/marine\/"}]}},"_links":{"self":[{"href":"https:\/\/www.pascalvacheypaysagiste.com\/blog\/wp-json\/wp\/v2\/posts\/334"}],"collection":[{"href":"https:\/\/www.pascalvacheypaysagiste.com\/blog\/wp-json\/wp\/v2\/posts"}],"about":[{"href":"https:\/\/www.pascalvacheypaysagiste.com\/blog\/wp-json\/wp\/v2\/types\/post"}],"author":[{"embeddable":true,"href":"https:\/\/www.pascalvacheypaysagiste.com\/blog\/wp-json\/wp\/v2\/users\/2"}],"replies":[{"embeddable":true,"href":"https:\/\/www.pascalvacheypaysagiste.com\/blog\/wp-json\/wp\/v2\/comments?post=334"}],"version-history":[{"count":11,"href":"https:\/\/www.pascalvacheypaysagiste.com\/blog\/wp-json\/wp\/v2\/posts\/334\/revisions"}],"predecessor-version":[{"id":374,"href":"https:\/\/www.pascalvacheypaysagiste.com\/blog\/wp-json\/wp\/v2\/posts\/334\/revisions\/374"}],"wp:featuredmedia":[{"embeddable":true,"href":"https:\/\/www.pascalvacheypaysagiste.com\/blog\/wp-json\/wp\/v2\/media\/335"}],"wp:attachment":[{"href":"https:\/\/www.pascalvacheypaysagiste.com\/blog\/wp-json\/wp\/v2\/media?parent=334"}],"wp:term":[{"taxonomy":"category","embeddable":true,"href":"https:\/\/www.pascalvacheypaysagiste.com\/blog\/wp-json\/wp\/v2\/categories?post=334"},{"taxonomy":"post_tag","embeddable":true,"href":"https:\/\/www.pascalvacheypaysagiste.com\/blog\/wp-json\/wp\/v2\/tags?post=334"}],"curies":[{"name":"wp","href":"https:\/\/api.w.org\/{rel}","templated":true}]}}