{"id":498,"date":"2017-11-30T16:57:02","date_gmt":"2017-11-30T15:57:02","guid":{"rendered":"https:\/\/www.addon-pascalvacheypaysagiste.com.hasi7531.odns.fr\/blog\/?p=498"},"modified":"2017-11-30T16:58:13","modified_gmt":"2017-11-30T15:58:13","slug":"formation-pascal-vachey-college-agricole-de-borgo","status":"publish","type":"post","link":"https:\/\/www.pascalvacheypaysagiste.com\/blog\/formation-pascal-vachey-college-agricole-de-borgo\/","title":{"rendered":"Formation avec Pascal Vachey Paysagiste au Coll\u00e8ge Agricole de Borgo"},"content":{"rendered":"<h3>Du nouveau sur Pascal VACHEY\u2026.<\/h3>\n<p>Depuis peu PASCAL VACHEY, Artiste Paysagiste, fait b\u00e9n\u00e9ficier de son exp\u00e9rience les \u00e9l\u00e8ves du r\u00e9put\u00e9 coll\u00e8ge Agricole de Borgo en \u00e9paulant la tr\u00e8s comp\u00e9tente \u00e9quipe p\u00e9dagogique d\u00e9j\u00e0 en place lors des diff\u00e9rentes formations pratiques et th\u00e9oriques.<\/p>\n<p>Sa longue exp\u00e9rience ne l\u2019emp\u00eache pas \u00ab\u00a0de garder humilit\u00e9 face au m\u00e9tier et d\u2019en apprendre encore tous les jours\u00a0\u00bb comme il n\u2019a de cesse de le r\u00e9p\u00e9ter\u2026. \u00ab\u00a0qui plus est dans une ile si riche \u00e0 tous niveaux\u00a0 et avec des traditions qui communient sans cesse avec la nature\u00a0\u00bb.<\/p>\n<p>Enrichir son exp\u00e9rience en la dispensant, et apprendre \u00e0 nouveau pour apporter un regard neuf sur ses projets\u00a0:<\/p>\n<p>\u00ab\u00a0Faire b\u00e9n\u00e9ficier de son exp\u00e9rience oblige \u00e0 \u00e9toffer ses connaissances et rechercher des r\u00e9ponses \u00e0 des questions qui nous seront pos\u00e9es\u2026Au fur et \u00e0 mesure que l\u2019on avance dans un m\u00e9tier, on en efface doucement les bases, une remise en question est n\u00e9cessaire de temps en temps afin de ne pas s\u2019\u00e9garer\u2026\u00a0\u00bbVoil\u00e0 qui est dit\u00a0!<\/p>\n<h3>Et la nature dans tout \u00e7a\u00a0?<\/h3>\n<p>\u00ab\u00a0Les changements climatiques, les imp\u00e9ratifs li\u00e9s aux maladies et pr\u00e9dateurs qui menacent\u00a0 la v\u00e9g\u00e9tation end\u00e9mique, richesse qui nous est transmise par m\u00e8re nature, nous obligent \u00e0 modifier notre vision du paysage en travaillant sur des projets respectueux de notre palette v\u00e9g\u00e9tale nustrale*et de notre environnement\u00a0\u00bb<\/p>\n<p>Cette d\u00e9marche n\u2019exclut pas l\u2019originalit\u00e9 de la cr\u00e9ation paysag\u00e8re qui restera adapt\u00e9e \u00e0 la demande formul\u00e9e par les nombreuses personnes s\u00e9duites par cette orientation et par les autres qui resteront fid\u00e8les \u00e0 l\u2019esprit novateur de Pascal.<\/p>\n<p>Piscines et bassins naturels, v\u00e9g\u00e9tation end\u00e9mique ou acclimat\u00e9e, pierres et gravillons de pays r\u00e9duisant l\u2019impact carbone\u2026<\/p>\n<p>La dynamique nouvelle d\u2019une d\u00e9marche \u00e9cologique au service de la nature, de ses clients et maintenant de ses \u00e9l\u00e8ves\u2026<\/p>\n<p>&nbsp;<\/p>\n<blockquote><p>\u00ab\u00a0Ce qui fait l\u2019homme, c\u2019est sa grande facult\u00e9 d\u2019adaptation\u00a0\u00bb SOCRATE.<\/p><\/blockquote>\n<p>&nbsp;<\/p>\n<p>&nbsp;<\/p>\n<p>* Nustrale\u00a0: En langue Corse \u00ab\u00a0du pays, la notre\u00a0\u2026\u00a0\u00bb<\/p>\n","protected":false},"excerpt":{"rendered":"<p>Du nouveau sur Pascal VACHEY\u2026. Depuis peu PASCAL VACHEY, Artiste Paysagiste, fait b\u00e9n\u00e9ficier de son exp\u00e9rience les \u00e9l\u00e8ves du r\u00e9put\u00e9 coll\u00e8ge Agricole de Borgo en \u00e9paulant la tr\u00e8s comp\u00e9tente \u00e9quipe p\u00e9dagogique d\u00e9j\u00e0 en place&#46;&#46;&#46;<\/p>\n","protected":false},"author":1,"featured_media":499,"comment_status":"open","ping_status":"open","sticky":false,"template":"","format":"standard","meta":{"footnotes":"","twitterCardType":"summary_large_image","cardImageID":0,"cardImage":"","cardTitle":"","cardDesc":"","cardImageAlt":"","cardPlayer":"","cardPlayerWidth":0,"cardPlayerHeight":0,"cardPlayerStream":"","cardPlayerCodec":""},"categories":[2],"tags":[],"yoast_head":"<!-- This site is optimized with the Yoast SEO plugin v21.6 - https:\/\/yoast.com\/wordpress\/plugins\/seo\/ -->\n<title>Formation avec Pascal Vachey Paysagiste au Coll\u00e8ge Agricole de Borgo<\/title>\n<meta name=\"robots\" content=\"index, follow, max-snippet:-1, max-image-preview:large, max-video-preview:-1\" \/>\n<link rel=\"canonical\" href=\"https:\/\/www.pascalvacheypaysagiste.com\/blog\/formation-pascal-vachey-college-agricole-de-borgo\/\" \/>\n<meta property=\"og:locale\" content=\"fr_FR\" \/>\n<meta property=\"og:type\" content=\"article\" \/>\n<meta property=\"og:title\" content=\"Formation avec Pascal Vachey Paysagiste au Coll\u00e8ge Agricole de Borgo\" \/>\n<meta property=\"og:description\" content=\"Du nouveau sur Pascal VACHEY\u2026. Depuis peu PASCAL VACHEY, Artiste Paysagiste, fait b\u00e9n\u00e9ficier de son exp\u00e9rience les \u00e9l\u00e8ves du r\u00e9put\u00e9 coll\u00e8ge Agricole de Borgo en \u00e9paulant la tr\u00e8s comp\u00e9tente \u00e9quipe p\u00e9dagogique d\u00e9j\u00e0 en place&#046;&#046;&#046;\" \/>\n<meta property=\"og:url\" content=\"https:\/\/www.pascalvacheypaysagiste.com\/blog\/formation-pascal-vachey-college-agricole-de-borgo\/\" \/>\n<meta property=\"og:site_name\" content=\"Le Blog de Pascal Vachey\" \/>\n<meta property=\"article:published_time\" content=\"2017-11-30T15:57:02+00:00\" \/>\n<meta property=\"article:modified_time\" content=\"2017-11-30T15:58:13+00:00\" \/>\n<meta property=\"og:image\" content=\"https:\/\/www.pascalvacheypaysagiste.com\/blog\/wp-content\/uploads\/2017\/11\/LYCEE-1-1024x768.jpg\" \/>\n\t<meta property=\"og:image:width\" content=\"1024\" \/>\n\t<meta property=\"og:image:height\" content=\"768\" \/>\n\t<meta property=\"og:image:type\" content=\"image\/jpeg\" \/>\n<meta name=\"author\" content=\"Pascal\" \/>\n<meta name=\"twitter:label1\" content=\"\u00c9crit par\" \/>\n\t<meta name=\"twitter:data1\" content=\"Pascal\" \/>\n\t<meta name=\"twitter:label2\" content=\"Dur\u00e9e de lecture estim\u00e9e\" \/>\n\t<meta name=\"twitter:data2\" content=\"2 minutes\" \/>\n<script type=\"application\/ld+json\" class=\"yoast-schema-graph\">{\"@context\":\"https:\/\/schema.org\",\"@graph\":[{\"@type\":\"WebPage\",\"@id\":\"https:\/\/www.pascalvacheypaysagiste.com\/blog\/formation-pascal-vachey-college-agricole-de-borgo\/\",\"url\":\"https:\/\/www.pascalvacheypaysagiste.com\/blog\/formation-pascal-vachey-college-agricole-de-borgo\/\",\"name\":\"Formation avec Pascal Vachey Paysagiste au Coll\u00e8ge Agricole de Borgo\",\"isPartOf\":{\"@id\":\"https:\/\/www.pascalvacheypaysagiste.com\/blog\/#website\"},\"datePublished\":\"2017-11-30T15:57:02+00:00\",\"dateModified\":\"2017-11-30T15:58:13+00:00\",\"author\":{\"@id\":\"https:\/\/www.pascalvacheypaysagiste.com\/blog\/#\/schema\/person\/71a53942d8f4bfe8c76b5898f18ad731\"},\"breadcrumb\":{\"@id\":\"https:\/\/www.pascalvacheypaysagiste.com\/blog\/formation-pascal-vachey-college-agricole-de-borgo\/#breadcrumb\"},\"inLanguage\":\"fr-FR\",\"potentialAction\":[{\"@type\":\"ReadAction\",\"target\":[\"https:\/\/www.pascalvacheypaysagiste.com\/blog\/formation-pascal-vachey-college-agricole-de-borgo\/\"]}]},{\"@type\":\"BreadcrumbList\",\"@id\":\"https:\/\/www.pascalvacheypaysagiste.com\/blog\/formation-pascal-vachey-college-agricole-de-borgo\/#breadcrumb\",\"itemListElement\":[{\"@type\":\"ListItem\",\"position\":1,\"name\":\"Accueil\",\"item\":\"https:\/\/www.pascalvacheypaysagiste.com\/blog\/\"},{\"@type\":\"ListItem\",\"position\":2,\"name\":\"Formation avec Pascal Vachey Paysagiste au Coll\u00e8ge Agricole de Borgo\"}]},{\"@type\":\"WebSite\",\"@id\":\"https:\/\/www.pascalvacheypaysagiste.com\/blog\/#website\",\"url\":\"https:\/\/www.pascalvacheypaysagiste.com\/blog\/\",\"name\":\"Le Blog de Pascal Vachey\",\"description\":\"\",\"potentialAction\":[{\"@type\":\"SearchAction\",\"target\":{\"@type\":\"EntryPoint\",\"urlTemplate\":\"https:\/\/www.pascalvacheypaysagiste.com\/blog\/?s={search_term_string}\"},\"query-input\":\"required name=search_term_string\"}],\"inLanguage\":\"fr-FR\"},{\"@type\":\"Person\",\"@id\":\"https:\/\/www.pascalvacheypaysagiste.com\/blog\/#\/schema\/person\/71a53942d8f4bfe8c76b5898f18ad731\",\"name\":\"Pascal\",\"image\":{\"@type\":\"ImageObject\",\"inLanguage\":\"fr-FR\",\"@id\":\"https:\/\/www.pascalvacheypaysagiste.com\/blog\/#\/schema\/person\/image\/\",\"url\":\"https:\/\/secure.gravatar.com\/avatar\/927d8e4cd2debd3265e7090433aec4fa?s=96&d=mm&r=g\",\"contentUrl\":\"https:\/\/secure.gravatar.com\/avatar\/927d8e4cd2debd3265e7090433aec4fa?s=96&d=mm&r=g\",\"caption\":\"Pascal\"},\"url\":\"https:\/\/www.pascalvacheypaysagiste.com\/blog\/author\/pascalv\/\"}]}<\/script>\n<!-- \/ Yoast SEO plugin. -->","yoast_head_json":{"title":"Formation avec Pascal Vachey Paysagiste au Coll\u00e8ge Agricole de Borgo","robots":{"index":"index","follow":"follow","max-snippet":"max-snippet:-1","max-image-preview":"max-image-preview:large","max-video-preview":"max-video-preview:-1"},"canonical":"https:\/\/www.pascalvacheypaysagiste.com\/blog\/formation-pascal-vachey-college-agricole-de-borgo\/","og_locale":"fr_FR","og_type":"article","og_title":"Formation avec Pascal Vachey Paysagiste au Coll\u00e8ge Agricole de Borgo","og_description":"Du nouveau sur Pascal VACHEY\u2026. Depuis peu PASCAL VACHEY, Artiste Paysagiste, fait b\u00e9n\u00e9ficier de son exp\u00e9rience les \u00e9l\u00e8ves du r\u00e9put\u00e9 coll\u00e8ge Agricole de Borgo en \u00e9paulant la tr\u00e8s comp\u00e9tente \u00e9quipe p\u00e9dagogique d\u00e9j\u00e0 en place&#46;&#46;&#46;","og_url":"https:\/\/www.pascalvacheypaysagiste.com\/blog\/formation-pascal-vachey-college-agricole-de-borgo\/","og_site_name":"Le Blog de Pascal Vachey","article_published_time":"2017-11-30T15:57:02+00:00","article_modified_time":"2017-11-30T15:58:13+00:00","og_image":[{"width":1024,"height":768,"url":"https:\/\/www.pascalvacheypaysagiste.com\/blog\/wp-content\/uploads\/2017\/11\/LYCEE-1-1024x768.jpg","type":"image\/jpeg"}],"author":"Pascal","twitter_misc":{"\u00c9crit par":"Pascal","Dur\u00e9e de lecture estim\u00e9e":"2 minutes"},"schema":{"@context":"https:\/\/schema.org","@graph":[{"@type":"WebPage","@id":"https:\/\/www.pascalvacheypaysagiste.com\/blog\/formation-pascal-vachey-college-agricole-de-borgo\/","url":"https:\/\/www.pascalvacheypaysagiste.com\/blog\/formation-pascal-vachey-college-agricole-de-borgo\/","name":"Formation avec Pascal Vachey Paysagiste au Coll\u00e8ge Agricole de Borgo","isPartOf":{"@id":"https:\/\/www.pascalvacheypaysagiste.com\/blog\/#website"},"datePublished":"2017-11-30T15:57:02+00:00","dateModified":"2017-11-30T15:58:13+00:00","author":{"@id":"https:\/\/www.pascalvacheypaysagiste.com\/blog\/#\/schema\/person\/71a53942d8f4bfe8c76b5898f18ad731"},"breadcrumb":{"@id":"https:\/\/www.pascalvacheypaysagiste.com\/blog\/formation-pascal-vachey-college-agricole-de-borgo\/#breadcrumb"},"inLanguage":"fr-FR","potentialAction":[{"@type":"ReadAction","target":["https:\/\/www.pascalvacheypaysagiste.com\/blog\/formation-pascal-vachey-college-agricole-de-borgo\/"]}]},{"@type":"BreadcrumbList","@id":"https:\/\/www.pascalvacheypaysagiste.com\/blog\/formation-pascal-vachey-college-agricole-de-borgo\/#breadcrumb","itemListElement":[{"@type":"ListItem","position":1,"name":"Accueil","item":"https:\/\/www.pascalvacheypaysagiste.com\/blog\/"},{"@type":"ListItem","position":2,"name":"Formation avec Pascal Vachey Paysagiste au Coll\u00e8ge Agricole de Borgo"}]},{"@type":"WebSite","@id":"https:\/\/www.pascalvacheypaysagiste.com\/blog\/#website","url":"https:\/\/www.pascalvacheypaysagiste.com\/blog\/","name":"Le Blog de Pascal Vachey","description":"","potentialAction":[{"@type":"SearchAction","target":{"@type":"EntryPoint","urlTemplate":"https:\/\/www.pascalvacheypaysagiste.com\/blog\/?s={search_term_string}"},"query-input":"required name=search_term_string"}],"inLanguage":"fr-FR"},{"@type":"Person","@id":"https:\/\/www.pascalvacheypaysagiste.com\/blog\/#\/schema\/person\/71a53942d8f4bfe8c76b5898f18ad731","name":"Pascal","image":{"@type":"ImageObject","inLanguage":"fr-FR","@id":"https:\/\/www.pascalvacheypaysagiste.com\/blog\/#\/schema\/person\/image\/","url":"https:\/\/secure.gravatar.com\/avatar\/927d8e4cd2debd3265e7090433aec4fa?s=96&d=mm&r=g","contentUrl":"https:\/\/secure.gravatar.com\/avatar\/927d8e4cd2debd3265e7090433aec4fa?s=96&d=mm&r=g","caption":"Pascal"},"url":"https:\/\/www.pascalvacheypaysagiste.com\/blog\/author\/pascalv\/"}]}},"_links":{"self":[{"href":"https:\/\/www.pascalvacheypaysagiste.com\/blog\/wp-json\/wp\/v2\/posts\/498"}],"collection":[{"href":"https:\/\/www.pascalvacheypaysagiste.com\/blog\/wp-json\/wp\/v2\/posts"}],"about":[{"href":"https:\/\/www.pascalvacheypaysagiste.com\/blog\/wp-json\/wp\/v2\/types\/post"}],"author":[{"embeddable":true,"href":"https:\/\/www.pascalvacheypaysagiste.com\/blog\/wp-json\/wp\/v2\/users\/1"}],"replies":[{"embeddable":true,"href":"https:\/\/www.pascalvacheypaysagiste.com\/blog\/wp-json\/wp\/v2\/comments?post=498"}],"version-history":[{"count":2,"href":"https:\/\/www.pascalvacheypaysagiste.com\/blog\/wp-json\/wp\/v2\/posts\/498\/revisions"}],"predecessor-version":[{"id":501,"href":"https:\/\/www.pascalvacheypaysagiste.com\/blog\/wp-json\/wp\/v2\/posts\/498\/revisions\/501"}],"wp:featuredmedia":[{"embeddable":true,"href":"https:\/\/www.pascalvacheypaysagiste.com\/blog\/wp-json\/wp\/v2\/media\/499"}],"wp:attachment":[{"href":"https:\/\/www.pascalvacheypaysagiste.com\/blog\/wp-json\/wp\/v2\/media?parent=498"}],"wp:term":[{"taxonomy":"category","embeddable":true,"href":"https:\/\/www.pascalvacheypaysagiste.com\/blog\/wp-json\/wp\/v2\/categories?post=498"},{"taxonomy":"post_tag","embeddable":true,"href":"https:\/\/www.pascalvacheypaysagiste.com\/blog\/wp-json\/wp\/v2\/tags?post=498"}],"curies":[{"name":"wp","href":"https:\/\/api.w.org\/{rel}","templated":true}]}}