{"id":544,"date":"2018-01-26T13:59:17","date_gmt":"2018-01-26T12:59:17","guid":{"rendered":"https:\/\/www.addon-pascalvacheypaysagiste.com.hasi7531.odns.fr\/blog\/?p=544"},"modified":"2018-01-26T14:03:33","modified_gmt":"2018-01-26T13:03:33","slug":"jardin-de-ville-au-tholonet","status":"publish","type":"post","link":"https:\/\/www.pascalvacheypaysagiste.com\/blog\/jardin-de-ville-au-tholonet\/","title":{"rendered":"Jardin de ville au Tholonet"},"content":{"rendered":"<h4 style=\"text-align: center;\">Ce jardin de ville situ\u00e9 au THOLONET a \u00e9t\u00e9 \u00e9quip\u00e9 d\u2019une piscine de 2M X 5M\u00a0de type MAGILINE (liner gris).<\/h4>\n<p>Le choix d\u2019une piscine semi-enterr\u00e9e est justifi\u00e9 pour des raisons d\u2019esth\u00e9tique compte tenu que le jardinet est positionn\u00e9 dans le prolongement d\u2019une <strong>terrasse en Gr\u00e9s C\u00e9ram Gris<\/strong> qui donne sur la pi\u00e8ce principale.<\/p>\n<p><img decoding=\"async\" loading=\"lazy\" class=\" wp-image-550 alignnone\" src=\"https:\/\/www.addon-pascalvacheypaysagiste.com.hasi7531.odns.fr\/blog\/wp-content\/uploads\/2018\/01\/image006-300x225.jpg\" alt=\"Piscine semi-enterr\u00e9e\" width=\"401\" height=\"301\" srcset=\"https:\/\/www.pascalvacheypaysagiste.com\/blog\/wp-content\/uploads\/2018\/01\/image006-300x225.jpg 300w, https:\/\/www.pascalvacheypaysagiste.com\/blog\/wp-content\/uploads\/2018\/01\/image006-768x576.jpg 768w, https:\/\/www.pascalvacheypaysagiste.com\/blog\/wp-content\/uploads\/2018\/01\/image006-1024x768.jpg 1024w, https:\/\/www.pascalvacheypaysagiste.com\/blog\/wp-content\/uploads\/2018\/01\/image006.jpg 1377w\" sizes=\"(max-width: 401px) 100vw, 401px\" \/> <img decoding=\"async\" loading=\"lazy\" class=\"size-medium wp-image-555 alignnone\" src=\"https:\/\/www.addon-pascalvacheypaysagiste.com.hasi7531.odns.fr\/blog\/wp-content\/uploads\/2018\/01\/image005-225x300.jpg\" alt=\"Piscine semi-enterr\u00e9e\" width=\"225\" height=\"300\" srcset=\"https:\/\/www.pascalvacheypaysagiste.com\/blog\/wp-content\/uploads\/2018\/01\/image005-225x300.jpg 225w, https:\/\/www.pascalvacheypaysagiste.com\/blog\/wp-content\/uploads\/2018\/01\/image005-768x1024.jpg 768w, https:\/\/www.pascalvacheypaysagiste.com\/blog\/wp-content\/uploads\/2018\/01\/image005.jpg 1377w\" sizes=\"(max-width: 225px) 100vw, 225px\" \/><\/p>\n<p>L\u2019habillage de la structure et des plages a \u00e9t\u00e9 r\u00e9alis\u00e9 avec de l\u2019<strong>IPE lisse premier choix<\/strong>.<\/p>\n<p><img decoding=\"async\" loading=\"lazy\" class=\"size-medium wp-image-557 alignnone\" src=\"https:\/\/www.addon-pascalvacheypaysagiste.com.hasi7531.odns.fr\/blog\/wp-content\/uploads\/2018\/01\/image004-300x300.jpg\" alt=\"jardin de ville\" width=\"300\" height=\"300\" srcset=\"https:\/\/www.pascalvacheypaysagiste.com\/blog\/wp-content\/uploads\/2018\/01\/image004-300x300.jpg 300w, https:\/\/www.pascalvacheypaysagiste.com\/blog\/wp-content\/uploads\/2018\/01\/image004-150x150.jpg 150w, https:\/\/www.pascalvacheypaysagiste.com\/blog\/wp-content\/uploads\/2018\/01\/image004-768x768.jpg 768w, https:\/\/www.pascalvacheypaysagiste.com\/blog\/wp-content\/uploads\/2018\/01\/image004-1024x1024.jpg 1024w, https:\/\/www.pascalvacheypaysagiste.com\/blog\/wp-content\/uploads\/2018\/01\/image004-144x144.jpg 144w, https:\/\/www.pascalvacheypaysagiste.com\/blog\/wp-content\/uploads\/2018\/01\/image004-160x160.jpg 160w, https:\/\/www.pascalvacheypaysagiste.com\/blog\/wp-content\/uploads\/2018\/01\/image004-320x320.jpg 320w, https:\/\/www.pascalvacheypaysagiste.com\/blog\/wp-content\/uploads\/2018\/01\/image004.jpg 1377w\" sizes=\"(max-width: 300px) 100vw, 300px\" \/> <img decoding=\"async\" loading=\"lazy\" class=\"size-medium wp-image-552 alignnone\" src=\"https:\/\/www.addon-pascalvacheypaysagiste.com.hasi7531.odns.fr\/blog\/wp-content\/uploads\/2018\/01\/AIX-5-300x300.jpg\" alt=\"Jardin de ville au Tholonet\" width=\"300\" height=\"300\" srcset=\"https:\/\/www.pascalvacheypaysagiste.com\/blog\/wp-content\/uploads\/2018\/01\/AIX-5-300x300.jpg 300w, https:\/\/www.pascalvacheypaysagiste.com\/blog\/wp-content\/uploads\/2018\/01\/AIX-5-150x150.jpg 150w, https:\/\/www.pascalvacheypaysagiste.com\/blog\/wp-content\/uploads\/2018\/01\/AIX-5-768x768.jpg 768w, https:\/\/www.pascalvacheypaysagiste.com\/blog\/wp-content\/uploads\/2018\/01\/AIX-5-1024x1024.jpg 1024w, https:\/\/www.pascalvacheypaysagiste.com\/blog\/wp-content\/uploads\/2018\/01\/AIX-5-144x144.jpg 144w, https:\/\/www.pascalvacheypaysagiste.com\/blog\/wp-content\/uploads\/2018\/01\/AIX-5-160x160.jpg 160w, https:\/\/www.pascalvacheypaysagiste.com\/blog\/wp-content\/uploads\/2018\/01\/AIX-5-320x320.jpg 320w\" sizes=\"(max-width: 300px) 100vw, 300px\" \/><\/p>\n<p>L\u2019all\u00e9e en gravillon sur <a href=\"http:\/\/www.nidagravel.fr\/FRFR\/site\/index.aspx\" target=\"_blank\" rel=\"noopener nofollow\">Nidagravel<\/a> est compl\u00e9t\u00e9e par un<strong> pas japonais en dalles d\u2019ardoise<\/strong> afin d\u2019accompagner le cheminement et faire ressortir les galets en <a href=\"https:\/\/fr.wikipedia.org\/wiki\/Marbre_de_Carrare\" target=\"_blank\" rel=\"noopener nofollow\">marbre \u00a0blanc de Carrare<\/a> <em>(ne d\u00e9gageant plus de poussi\u00e8re une fois nettoy\u00e9s<\/em>).<\/p>\n<p><img decoding=\"async\" loading=\"lazy\" class=\"size-medium wp-image-545 alignnone\" src=\"https:\/\/www.addon-pascalvacheypaysagiste.com.hasi7531.odns.fr\/blog\/wp-content\/uploads\/2018\/01\/AIX-4-225x300.jpg\" alt=\"\" width=\"225\" height=\"300\" srcset=\"https:\/\/www.pascalvacheypaysagiste.com\/blog\/wp-content\/uploads\/2018\/01\/AIX-4-225x300.jpg 225w, https:\/\/www.pascalvacheypaysagiste.com\/blog\/wp-content\/uploads\/2018\/01\/AIX-4-768x1024.jpg 768w\" sizes=\"(max-width: 225px) 100vw, 225px\" \/><\/p>\n<p>Un jeu d\u2019eau en boules de c\u00e9ramique accompagn\u00e9 par le bruissement des bambous donnent \u00e0 l\u2019ensemble un esprit Zen, les Jasmins couvriront \u00e0 terme la fa\u00e7ade est.<\/p>\n<p><img decoding=\"async\" loading=\"lazy\" class=\"wp-image-549 alignleft\" src=\"https:\/\/www.addon-pascalvacheypaysagiste.com.hasi7531.odns.fr\/blog\/wp-content\/uploads\/2018\/01\/Capture-d\u2019\u00e9cran-2018-01-26-\u00e0-09.23.52.png\" alt=\"Jardin de ville le Tholonet\" width=\"671\" height=\"499\" srcset=\"https:\/\/www.pascalvacheypaysagiste.com\/blog\/wp-content\/uploads\/2018\/01\/Capture-d\u2019\u00e9cran-2018-01-26-\u00e0-09.23.52.png 1736w, https:\/\/www.pascalvacheypaysagiste.com\/blog\/wp-content\/uploads\/2018\/01\/Capture-d\u2019\u00e9cran-2018-01-26-\u00e0-09.23.52-300x223.png 300w, https:\/\/www.pascalvacheypaysagiste.com\/blog\/wp-content\/uploads\/2018\/01\/Capture-d\u2019\u00e9cran-2018-01-26-\u00e0-09.23.52-768x571.png 768w, https:\/\/www.pascalvacheypaysagiste.com\/blog\/wp-content\/uploads\/2018\/01\/Capture-d\u2019\u00e9cran-2018-01-26-\u00e0-09.23.52-1024x761.png 1024w\" sizes=\"(max-width: 671px) 100vw, 671px\" \/><\/p>\n<p>Enfin, les fa\u00e7ades sud et ouest sont habill\u00e9es en pierres de parement de St Florent.<\/p>\n<p><a href=\"http:\/\/www.pascalvacheypaysagiste.com\/piscines.php\" target=\"_blank\" rel=\"noopener\">nos autres r\u00e9alisations de piscines<\/a><\/p>\n<p>PASCAL VACHEY , votre architecte paysagiste<\/p>\n<p><a href=\"http:\/\/www.pascalvacheypaysagiste.com\/index.php#contact\" target=\"_blank\" rel=\"noopener\">Nous contacter<\/a><\/p>\n","protected":false},"excerpt":{"rendered":"<p>Ce jardin de ville situ\u00e9 au THOLONET a \u00e9t\u00e9 \u00e9quip\u00e9 d\u2019une piscine de 2M X 5M\u00a0de type MAGILINE (liner gris). Le choix d\u2019une piscine semi-enterr\u00e9e est justifi\u00e9 pour des raisons d\u2019esth\u00e9tique compte tenu que&#46;&#46;&#46;<\/p>\n","protected":false},"author":3,"featured_media":549,"comment_status":"open","ping_status":"open","sticky":false,"template":"","format":"standard","meta":{"footnotes":"","twitterCardType":"summary_large_image","cardImageID":0,"cardImage":"","cardTitle":"","cardDesc":"","cardImageAlt":"","cardPlayer":"","cardPlayerWidth":0,"cardPlayerHeight":0,"cardPlayerStream":"","cardPlayerCodec":""},"categories":[2,3],"tags":[],"yoast_head":"<!-- This site is optimized with the Yoast SEO plugin v21.6 - https:\/\/yoast.com\/wordpress\/plugins\/seo\/ -->\n<title>Jardin de ville au Tholonet<\/title>\n<meta name=\"description\" content=\"Cr\u00e9ation d&#039;un jardin de ville avec ambiance esprit zen situ\u00e9 au THOLONET \u00e9quip\u00e9 d\u2019une piscine de 2M X 5M\u00a0de type MAGILINE (liner gris).\" \/>\n<meta name=\"robots\" content=\"index, follow, max-snippet:-1, max-image-preview:large, max-video-preview:-1\" \/>\n<link rel=\"canonical\" href=\"https:\/\/www.pascalvacheypaysagiste.com\/blog\/jardin-de-ville-au-tholonet\/\" \/>\n<meta property=\"og:locale\" content=\"fr_FR\" \/>\n<meta property=\"og:type\" content=\"article\" \/>\n<meta property=\"og:title\" content=\"Jardin de ville au Tholonet\" \/>\n<meta property=\"og:description\" content=\"Cr\u00e9ation d&#039;un jardin de ville avec ambiance esprit zen situ\u00e9 au THOLONET \u00e9quip\u00e9 d\u2019une piscine de 2M X 5M\u00a0de type MAGILINE (liner gris).\" \/>\n<meta property=\"og:url\" content=\"https:\/\/www.pascalvacheypaysagiste.com\/blog\/jardin-de-ville-au-tholonet\/\" \/>\n<meta property=\"og:site_name\" content=\"Le Blog de Pascal Vachey\" \/>\n<meta property=\"article:published_time\" content=\"2018-01-26T12:59:17+00:00\" \/>\n<meta property=\"article:modified_time\" content=\"2018-01-26T13:03:33+00:00\" \/>\n<meta property=\"og:image\" content=\"https:\/\/www.pascalvacheypaysagiste.com\/blog\/wp-content\/uploads\/2018\/01\/Capture-d\u2019\u00e9cran-2018-01-26-\u00e0-09.23.52-1024x761.png\" \/>\n\t<meta property=\"og:image:width\" content=\"1024\" \/>\n\t<meta property=\"og:image:height\" content=\"761\" \/>\n\t<meta property=\"og:image:type\" content=\"image\/png\" \/>\n<meta name=\"author\" content=\"NOEMIE\" \/>\n<meta name=\"twitter:label1\" content=\"\u00c9crit par\" \/>\n\t<meta name=\"twitter:data1\" content=\"NOEMIE\" \/>\n\t<meta name=\"twitter:label2\" content=\"Dur\u00e9e de lecture estim\u00e9e\" \/>\n\t<meta name=\"twitter:data2\" content=\"1 minute\" \/>\n<script type=\"application\/ld+json\" class=\"yoast-schema-graph\">{\"@context\":\"https:\/\/schema.org\",\"@graph\":[{\"@type\":\"WebPage\",\"@id\":\"https:\/\/www.pascalvacheypaysagiste.com\/blog\/jardin-de-ville-au-tholonet\/\",\"url\":\"https:\/\/www.pascalvacheypaysagiste.com\/blog\/jardin-de-ville-au-tholonet\/\",\"name\":\"Jardin de ville au Tholonet\",\"isPartOf\":{\"@id\":\"https:\/\/www.pascalvacheypaysagiste.com\/blog\/#website\"},\"datePublished\":\"2018-01-26T12:59:17+00:00\",\"dateModified\":\"2018-01-26T13:03:33+00:00\",\"author\":{\"@id\":\"https:\/\/www.pascalvacheypaysagiste.com\/blog\/#\/schema\/person\/02c388f666dadd94f4739728c93bbac3\"},\"description\":\"Cr\u00e9ation d'un jardin de ville avec ambiance esprit zen situ\u00e9 au THOLONET \u00e9quip\u00e9 d\u2019une piscine de 2M X 5M\u00a0de type MAGILINE (liner gris).\",\"breadcrumb\":{\"@id\":\"https:\/\/www.pascalvacheypaysagiste.com\/blog\/jardin-de-ville-au-tholonet\/#breadcrumb\"},\"inLanguage\":\"fr-FR\",\"potentialAction\":[{\"@type\":\"ReadAction\",\"target\":[\"https:\/\/www.pascalvacheypaysagiste.com\/blog\/jardin-de-ville-au-tholonet\/\"]}]},{\"@type\":\"BreadcrumbList\",\"@id\":\"https:\/\/www.pascalvacheypaysagiste.com\/blog\/jardin-de-ville-au-tholonet\/#breadcrumb\",\"itemListElement\":[{\"@type\":\"ListItem\",\"position\":1,\"name\":\"Accueil\",\"item\":\"https:\/\/www.pascalvacheypaysagiste.com\/blog\/\"},{\"@type\":\"ListItem\",\"position\":2,\"name\":\"Jardin de ville au Tholonet\"}]},{\"@type\":\"WebSite\",\"@id\":\"https:\/\/www.pascalvacheypaysagiste.com\/blog\/#website\",\"url\":\"https:\/\/www.pascalvacheypaysagiste.com\/blog\/\",\"name\":\"Le Blog de Pascal Vachey\",\"description\":\"\",\"potentialAction\":[{\"@type\":\"SearchAction\",\"target\":{\"@type\":\"EntryPoint\",\"urlTemplate\":\"https:\/\/www.pascalvacheypaysagiste.com\/blog\/?s={search_term_string}\"},\"query-input\":\"required name=search_term_string\"}],\"inLanguage\":\"fr-FR\"},{\"@type\":\"Person\",\"@id\":\"https:\/\/www.pascalvacheypaysagiste.com\/blog\/#\/schema\/person\/02c388f666dadd94f4739728c93bbac3\",\"name\":\"NOEMIE\",\"image\":{\"@type\":\"ImageObject\",\"inLanguage\":\"fr-FR\",\"@id\":\"https:\/\/www.pascalvacheypaysagiste.com\/blog\/#\/schema\/person\/image\/\",\"url\":\"https:\/\/secure.gravatar.com\/avatar\/3ac2d6bf97bd527f43ec97b6d7e57229?s=96&d=mm&r=g\",\"contentUrl\":\"https:\/\/secure.gravatar.com\/avatar\/3ac2d6bf97bd527f43ec97b6d7e57229?s=96&d=mm&r=g\",\"caption\":\"NOEMIE\"},\"url\":\"https:\/\/www.pascalvacheypaysagiste.com\/blog\/author\/noemie\/\"}]}<\/script>\n<!-- \/ Yoast SEO plugin. -->","yoast_head_json":{"title":"Jardin de ville au Tholonet","description":"Cr\u00e9ation d'un jardin de ville avec ambiance esprit zen situ\u00e9 au THOLONET \u00e9quip\u00e9 d\u2019une piscine de 2M X 5M\u00a0de type MAGILINE (liner gris).","robots":{"index":"index","follow":"follow","max-snippet":"max-snippet:-1","max-image-preview":"max-image-preview:large","max-video-preview":"max-video-preview:-1"},"canonical":"https:\/\/www.pascalvacheypaysagiste.com\/blog\/jardin-de-ville-au-tholonet\/","og_locale":"fr_FR","og_type":"article","og_title":"Jardin de ville au Tholonet","og_description":"Cr\u00e9ation d'un jardin de ville avec ambiance esprit zen situ\u00e9 au THOLONET \u00e9quip\u00e9 d\u2019une piscine de 2M X 5M\u00a0de type MAGILINE (liner gris).","og_url":"https:\/\/www.pascalvacheypaysagiste.com\/blog\/jardin-de-ville-au-tholonet\/","og_site_name":"Le Blog de Pascal Vachey","article_published_time":"2018-01-26T12:59:17+00:00","article_modified_time":"2018-01-26T13:03:33+00:00","og_image":[{"width":1024,"height":761,"url":"https:\/\/www.pascalvacheypaysagiste.com\/blog\/wp-content\/uploads\/2018\/01\/Capture-d\u2019\u00e9cran-2018-01-26-\u00e0-09.23.52-1024x761.png","type":"image\/png"}],"author":"NOEMIE","twitter_misc":{"\u00c9crit par":"NOEMIE","Dur\u00e9e de lecture estim\u00e9e":"1 minute"},"schema":{"@context":"https:\/\/schema.org","@graph":[{"@type":"WebPage","@id":"https:\/\/www.pascalvacheypaysagiste.com\/blog\/jardin-de-ville-au-tholonet\/","url":"https:\/\/www.pascalvacheypaysagiste.com\/blog\/jardin-de-ville-au-tholonet\/","name":"Jardin de ville au Tholonet","isPartOf":{"@id":"https:\/\/www.pascalvacheypaysagiste.com\/blog\/#website"},"datePublished":"2018-01-26T12:59:17+00:00","dateModified":"2018-01-26T13:03:33+00:00","author":{"@id":"https:\/\/www.pascalvacheypaysagiste.com\/blog\/#\/schema\/person\/02c388f666dadd94f4739728c93bbac3"},"description":"Cr\u00e9ation d'un jardin de ville avec ambiance esprit zen situ\u00e9 au THOLONET \u00e9quip\u00e9 d\u2019une piscine de 2M X 5M\u00a0de type MAGILINE (liner gris).","breadcrumb":{"@id":"https:\/\/www.pascalvacheypaysagiste.com\/blog\/jardin-de-ville-au-tholonet\/#breadcrumb"},"inLanguage":"fr-FR","potentialAction":[{"@type":"ReadAction","target":["https:\/\/www.pascalvacheypaysagiste.com\/blog\/jardin-de-ville-au-tholonet\/"]}]},{"@type":"BreadcrumbList","@id":"https:\/\/www.pascalvacheypaysagiste.com\/blog\/jardin-de-ville-au-tholonet\/#breadcrumb","itemListElement":[{"@type":"ListItem","position":1,"name":"Accueil","item":"https:\/\/www.pascalvacheypaysagiste.com\/blog\/"},{"@type":"ListItem","position":2,"name":"Jardin de ville au Tholonet"}]},{"@type":"WebSite","@id":"https:\/\/www.pascalvacheypaysagiste.com\/blog\/#website","url":"https:\/\/www.pascalvacheypaysagiste.com\/blog\/","name":"Le Blog de Pascal Vachey","description":"","potentialAction":[{"@type":"SearchAction","target":{"@type":"EntryPoint","urlTemplate":"https:\/\/www.pascalvacheypaysagiste.com\/blog\/?s={search_term_string}"},"query-input":"required name=search_term_string"}],"inLanguage":"fr-FR"},{"@type":"Person","@id":"https:\/\/www.pascalvacheypaysagiste.com\/blog\/#\/schema\/person\/02c388f666dadd94f4739728c93bbac3","name":"NOEMIE","image":{"@type":"ImageObject","inLanguage":"fr-FR","@id":"https:\/\/www.pascalvacheypaysagiste.com\/blog\/#\/schema\/person\/image\/","url":"https:\/\/secure.gravatar.com\/avatar\/3ac2d6bf97bd527f43ec97b6d7e57229?s=96&d=mm&r=g","contentUrl":"https:\/\/secure.gravatar.com\/avatar\/3ac2d6bf97bd527f43ec97b6d7e57229?s=96&d=mm&r=g","caption":"NOEMIE"},"url":"https:\/\/www.pascalvacheypaysagiste.com\/blog\/author\/noemie\/"}]}},"_links":{"self":[{"href":"https:\/\/www.pascalvacheypaysagiste.com\/blog\/wp-json\/wp\/v2\/posts\/544"}],"collection":[{"href":"https:\/\/www.pascalvacheypaysagiste.com\/blog\/wp-json\/wp\/v2\/posts"}],"about":[{"href":"https:\/\/www.pascalvacheypaysagiste.com\/blog\/wp-json\/wp\/v2\/types\/post"}],"author":[{"embeddable":true,"href":"https:\/\/www.pascalvacheypaysagiste.com\/blog\/wp-json\/wp\/v2\/users\/3"}],"replies":[{"embeddable":true,"href":"https:\/\/www.pascalvacheypaysagiste.com\/blog\/wp-json\/wp\/v2\/comments?post=544"}],"version-history":[{"count":10,"href":"https:\/\/www.pascalvacheypaysagiste.com\/blog\/wp-json\/wp\/v2\/posts\/544\/revisions"}],"predecessor-version":[{"id":570,"href":"https:\/\/www.pascalvacheypaysagiste.com\/blog\/wp-json\/wp\/v2\/posts\/544\/revisions\/570"}],"wp:featuredmedia":[{"embeddable":true,"href":"https:\/\/www.pascalvacheypaysagiste.com\/blog\/wp-json\/wp\/v2\/media\/549"}],"wp:attachment":[{"href":"https:\/\/www.pascalvacheypaysagiste.com\/blog\/wp-json\/wp\/v2\/media?parent=544"}],"wp:term":[{"taxonomy":"category","embeddable":true,"href":"https:\/\/www.pascalvacheypaysagiste.com\/blog\/wp-json\/wp\/v2\/categories?post=544"},{"taxonomy":"post_tag","embeddable":true,"href":"https:\/\/www.pascalvacheypaysagiste.com\/blog\/wp-json\/wp\/v2\/tags?post=544"}],"curies":[{"name":"wp","href":"https:\/\/api.w.org\/{rel}","templated":true}]}}