{"id":68,"date":"2014-10-28T16:01:45","date_gmt":"2014-10-28T15:01:45","guid":{"rendered":"https:\/\/www.addon-pascalvacheypaysagiste.com.hasi7531.odns.fr\/blog\/?p=68"},"modified":"2014-10-28T16:01:45","modified_gmt":"2014-10-28T15:01:45","slug":"les-nouveaux-parcs-urbains-lyon","status":"publish","type":"post","link":"https:\/\/www.pascalvacheypaysagiste.com\/blog\/les-nouveaux-parcs-urbains-lyon\/","title":{"rendered":"Les nouveaux parcs urbains de Lyon"},"content":{"rendered":"<p><a href=\"https:\/\/www.addon-pascalvacheypaysagiste.com.hasi7531.odns.fr\/blog\/wp-content\/uploads\/2014\/10\/parc-blandan_prairie_ldaniere_1000.jpg\" target=\"_blank\" rel=\"nofollow\"><img decoding=\"async\" loading=\"lazy\" class=\"alignnone wp-image-69\" src=\"https:\/\/www.addon-pascalvacheypaysagiste.com.hasi7531.odns.fr\/blog\/wp-content\/uploads\/2014\/10\/parc-blandan_prairie_ldaniere_1000-300x199.jpg\" alt=\"parc-blandan_prairie_ldaniere_1000\" width=\"600\" height=\"400\" srcset=\"https:\/\/www.pascalvacheypaysagiste.com\/blog\/wp-content\/uploads\/2014\/10\/parc-blandan_prairie_ldaniere_1000-300x199.jpg 300w, https:\/\/www.pascalvacheypaysagiste.com\/blog\/wp-content\/uploads\/2014\/10\/parc-blandan_prairie_ldaniere_1000-900x599.jpg 900w, https:\/\/www.pascalvacheypaysagiste.com\/blog\/wp-content\/uploads\/2014\/10\/parc-blandan_prairie_ldaniere_1000.jpg 1000w\" sizes=\"(max-width: 600px) 100vw, 600px\" \/><\/a><\/p>\n<p>Parc du Vallon, parc Blandan, Rives de Sa\u00f4ne : les <strong>nouveaux parcs du Grand Lyon<\/strong> font pousser la nature dans des environnements tr\u00e8s construits. \u00c9clairage, plantations, arrosage : l\u2019id\u00e9e est de s\u2019adapter \u00e0 l\u2019environnement existant et d\u2019<strong>am\u00e9nager des espaces qui n\u00e9cessitent peu d\u2019interventions de l\u2019homme<\/strong>.<\/p>\n<p><!--more--><\/p>\n<p>Cette nouvelle g\u00e9n\u00e9ration de parcs urbains n\u2019est plus con\u00e7ue, ni g\u00e9r\u00e9e comme avant. \u00c0 chaque nouvelle cr\u00e9ation, la typologie des sites et du quartier est le point de d\u00e9part de l\u2019am\u00e9nagement. Jetez un oeil au <strong>parc Blandan<\/strong> au croisement des 3e, 7e et 8e arrondissements lyonnais : le front forestier et les prairies font penser \u00e0 des espaces sauvages \u00e0 la campagne.<\/p>\n<p>Le choix de la v\u00e9g\u00e9tation est important aussi : les paysagistes utilisent en priorit\u00e9 les plantes qui poussent naturellement dans le secteur. Ils peuvent y ajouter des nouvelles esp\u00e8ces mais <strong>toujours adapt\u00e9es au milieu<\/strong>. Au parc Blandan, le terrain est plut\u00f4t sec, mais sur les Rives de Sa\u00f4ne, le choix se portera sur des v\u00e9g\u00e9taux qui appr\u00e9cient l\u2019humidit\u00e9.<\/p>\n<p>L\u2019objectif est d\u2019avoir <strong>le moins d\u2019entretien possible<\/strong> par la suite. Les jardiniers partagent ce mouvement : <strong>moins d\u2019arrosage<\/strong>, <strong>moins de taille<\/strong>, et <strong>plus d\u2019engrais naturels<\/strong>. Un vrai souci \u00e9cologique pour pr\u00e9server l\u2019\u00e9cosyst\u00e8me et qui permet aussi de <strong>faire des \u00e9conomies<\/strong> !<\/p>\n<p>Source de l&rsquo;article : <a href=\"http:\/\/www.magazine.grandlyon.com\/2014\/10\/28\/une-nouvelle-generation-de-parcs-urbains-au-grand-lyon\/\" target=\"_blank\" rel=\"nofollow\">www.magazine.grandlyon.com<\/a><\/p>\n","protected":false},"excerpt":{"rendered":"<p>Parc du Vallon, parc Blandan, Rives de Sa\u00f4ne : les nouveaux parcs du Grand Lyon font pousser la nature dans des environnements tr\u00e8s construits. \u00c9clairage, plantations, arrosage : l\u2019id\u00e9e est de s\u2019adapter \u00e0 l\u2019environnement&#46;&#46;&#46;<\/p>\n","protected":false},"author":1,"featured_media":69,"comment_status":"open","ping_status":"open","sticky":false,"template":"","format":"standard","meta":{"footnotes":"","twitterCardType":"","cardImageID":0,"cardImage":"","cardTitle":"","cardDesc":"","cardImageAlt":"","cardPlayer":"","cardPlayerWidth":0,"cardPlayerHeight":0,"cardPlayerStream":"","cardPlayerCodec":""},"categories":[2],"tags":[],"yoast_head":"<!-- This site is optimized with the Yoast SEO plugin v21.6 - https:\/\/yoast.com\/wordpress\/plugins\/seo\/ -->\n<title>Les nouveaux parcs urbains de Lyon<\/title>\n<meta name=\"robots\" content=\"index, follow, max-snippet:-1, max-image-preview:large, max-video-preview:-1\" \/>\n<link rel=\"canonical\" href=\"http:\/\/www.magazine.grandlyon.com\/2014\/10\/28\/une-nouvelle-generation-de-parcs-urbains-au-grand-lyon\/\" \/>\n<meta property=\"og:locale\" content=\"fr_FR\" \/>\n<meta property=\"og:type\" content=\"article\" \/>\n<meta property=\"og:title\" content=\"Les nouveaux parcs urbains de Lyon\" \/>\n<meta property=\"og:description\" content=\"Parc du Vallon, parc Blandan, Rives de Sa\u00f4ne : les nouveaux parcs du Grand Lyon font pousser la nature dans des environnements tr\u00e8s construits. \u00c9clairage, plantations, arrosage : l\u2019id\u00e9e est de s\u2019adapter \u00e0 l\u2019environnement&#046;&#046;&#046;\" \/>\n<meta property=\"og:url\" content=\"http:\/\/www.magazine.grandlyon.com\/2014\/10\/28\/une-nouvelle-generation-de-parcs-urbains-au-grand-lyon\/\" \/>\n<meta property=\"og:site_name\" content=\"Le Blog de Pascal Vachey\" \/>\n<meta property=\"article:published_time\" content=\"2014-10-28T15:01:45+00:00\" \/>\n<meta property=\"og:image\" content=\"https:\/\/www.pascalvacheypaysagiste.com\/blog\/wp-content\/uploads\/2014\/10\/parc-blandan_prairie_ldaniere_1000.jpg\" \/>\n\t<meta property=\"og:image:width\" content=\"1000\" \/>\n\t<meta property=\"og:image:height\" content=\"666\" \/>\n\t<meta property=\"og:image:type\" content=\"image\/jpeg\" \/>\n<meta name=\"author\" content=\"Pascal\" \/>\n<meta name=\"twitter:label1\" content=\"\u00c9crit par\" \/>\n\t<meta name=\"twitter:data1\" content=\"Pascal\" \/>\n\t<meta name=\"twitter:label2\" content=\"Dur\u00e9e de lecture estim\u00e9e\" \/>\n\t<meta name=\"twitter:data2\" content=\"1 minute\" \/>\n<script type=\"application\/ld+json\" class=\"yoast-schema-graph\">{\"@context\":\"https:\/\/schema.org\",\"@graph\":[{\"@type\":\"WebPage\",\"@id\":\"https:\/\/www.pascalvacheypaysagiste.com\/blog\/les-nouveaux-parcs-urbains-lyon\/\",\"url\":\"http:\/\/www.magazine.grandlyon.com\/2014\/10\/28\/une-nouvelle-generation-de-parcs-urbains-au-grand-lyon\/\",\"name\":\"Les nouveaux parcs urbains de Lyon\",\"isPartOf\":{\"@id\":\"https:\/\/www.pascalvacheypaysagiste.com\/blog\/#website\"},\"datePublished\":\"2014-10-28T15:01:45+00:00\",\"dateModified\":\"2014-10-28T15:01:45+00:00\",\"author\":{\"@id\":\"https:\/\/www.pascalvacheypaysagiste.com\/blog\/#\/schema\/person\/71a53942d8f4bfe8c76b5898f18ad731\"},\"breadcrumb\":{\"@id\":\"http:\/\/www.magazine.grandlyon.com\/2014\/10\/28\/une-nouvelle-generation-de-parcs-urbains-au-grand-lyon\/#breadcrumb\"},\"inLanguage\":\"fr-FR\",\"potentialAction\":[{\"@type\":\"ReadAction\",\"target\":[\"http:\/\/www.magazine.grandlyon.com\/2014\/10\/28\/une-nouvelle-generation-de-parcs-urbains-au-grand-lyon\/\"]}]},{\"@type\":\"BreadcrumbList\",\"@id\":\"http:\/\/www.magazine.grandlyon.com\/2014\/10\/28\/une-nouvelle-generation-de-parcs-urbains-au-grand-lyon\/#breadcrumb\",\"itemListElement\":[{\"@type\":\"ListItem\",\"position\":1,\"name\":\"Accueil\",\"item\":\"https:\/\/www.pascalvacheypaysagiste.com\/blog\/\"},{\"@type\":\"ListItem\",\"position\":2,\"name\":\"Les nouveaux parcs urbains de Lyon\"}]},{\"@type\":\"WebSite\",\"@id\":\"https:\/\/www.pascalvacheypaysagiste.com\/blog\/#website\",\"url\":\"https:\/\/www.pascalvacheypaysagiste.com\/blog\/\",\"name\":\"Le Blog de Pascal Vachey\",\"description\":\"\",\"potentialAction\":[{\"@type\":\"SearchAction\",\"target\":{\"@type\":\"EntryPoint\",\"urlTemplate\":\"https:\/\/www.pascalvacheypaysagiste.com\/blog\/?s={search_term_string}\"},\"query-input\":\"required name=search_term_string\"}],\"inLanguage\":\"fr-FR\"},{\"@type\":\"Person\",\"@id\":\"https:\/\/www.pascalvacheypaysagiste.com\/blog\/#\/schema\/person\/71a53942d8f4bfe8c76b5898f18ad731\",\"name\":\"Pascal\",\"image\":{\"@type\":\"ImageObject\",\"inLanguage\":\"fr-FR\",\"@id\":\"https:\/\/www.pascalvacheypaysagiste.com\/blog\/#\/schema\/person\/image\/\",\"url\":\"https:\/\/secure.gravatar.com\/avatar\/927d8e4cd2debd3265e7090433aec4fa?s=96&d=mm&r=g\",\"contentUrl\":\"https:\/\/secure.gravatar.com\/avatar\/927d8e4cd2debd3265e7090433aec4fa?s=96&d=mm&r=g\",\"caption\":\"Pascal\"},\"url\":\"https:\/\/www.pascalvacheypaysagiste.com\/blog\/author\/pascalv\/\"}]}<\/script>\n<!-- \/ Yoast SEO plugin. -->","yoast_head_json":{"title":"Les nouveaux parcs urbains de Lyon","robots":{"index":"index","follow":"follow","max-snippet":"max-snippet:-1","max-image-preview":"max-image-preview:large","max-video-preview":"max-video-preview:-1"},"canonical":"http:\/\/www.magazine.grandlyon.com\/2014\/10\/28\/une-nouvelle-generation-de-parcs-urbains-au-grand-lyon\/","og_locale":"fr_FR","og_type":"article","og_title":"Les nouveaux parcs urbains de Lyon","og_description":"Parc du Vallon, parc Blandan, Rives de Sa\u00f4ne : les nouveaux parcs du Grand Lyon font pousser la nature dans des environnements tr\u00e8s construits. \u00c9clairage, plantations, arrosage : l\u2019id\u00e9e est de s\u2019adapter \u00e0 l\u2019environnement&#46;&#46;&#46;","og_url":"http:\/\/www.magazine.grandlyon.com\/2014\/10\/28\/une-nouvelle-generation-de-parcs-urbains-au-grand-lyon\/","og_site_name":"Le Blog de Pascal Vachey","article_published_time":"2014-10-28T15:01:45+00:00","og_image":[{"width":1000,"height":666,"url":"https:\/\/www.pascalvacheypaysagiste.com\/blog\/wp-content\/uploads\/2014\/10\/parc-blandan_prairie_ldaniere_1000.jpg","type":"image\/jpeg"}],"author":"Pascal","twitter_misc":{"\u00c9crit par":"Pascal","Dur\u00e9e de lecture estim\u00e9e":"1 minute"},"schema":{"@context":"https:\/\/schema.org","@graph":[{"@type":"WebPage","@id":"https:\/\/www.pascalvacheypaysagiste.com\/blog\/les-nouveaux-parcs-urbains-lyon\/","url":"http:\/\/www.magazine.grandlyon.com\/2014\/10\/28\/une-nouvelle-generation-de-parcs-urbains-au-grand-lyon\/","name":"Les nouveaux parcs urbains de Lyon","isPartOf":{"@id":"https:\/\/www.pascalvacheypaysagiste.com\/blog\/#website"},"datePublished":"2014-10-28T15:01:45+00:00","dateModified":"2014-10-28T15:01:45+00:00","author":{"@id":"https:\/\/www.pascalvacheypaysagiste.com\/blog\/#\/schema\/person\/71a53942d8f4bfe8c76b5898f18ad731"},"breadcrumb":{"@id":"http:\/\/www.magazine.grandlyon.com\/2014\/10\/28\/une-nouvelle-generation-de-parcs-urbains-au-grand-lyon\/#breadcrumb"},"inLanguage":"fr-FR","potentialAction":[{"@type":"ReadAction","target":["http:\/\/www.magazine.grandlyon.com\/2014\/10\/28\/une-nouvelle-generation-de-parcs-urbains-au-grand-lyon\/"]}]},{"@type":"BreadcrumbList","@id":"http:\/\/www.magazine.grandlyon.com\/2014\/10\/28\/une-nouvelle-generation-de-parcs-urbains-au-grand-lyon\/#breadcrumb","itemListElement":[{"@type":"ListItem","position":1,"name":"Accueil","item":"https:\/\/www.pascalvacheypaysagiste.com\/blog\/"},{"@type":"ListItem","position":2,"name":"Les nouveaux parcs urbains de Lyon"}]},{"@type":"WebSite","@id":"https:\/\/www.pascalvacheypaysagiste.com\/blog\/#website","url":"https:\/\/www.pascalvacheypaysagiste.com\/blog\/","name":"Le Blog de Pascal Vachey","description":"","potentialAction":[{"@type":"SearchAction","target":{"@type":"EntryPoint","urlTemplate":"https:\/\/www.pascalvacheypaysagiste.com\/blog\/?s={search_term_string}"},"query-input":"required name=search_term_string"}],"inLanguage":"fr-FR"},{"@type":"Person","@id":"https:\/\/www.pascalvacheypaysagiste.com\/blog\/#\/schema\/person\/71a53942d8f4bfe8c76b5898f18ad731","name":"Pascal","image":{"@type":"ImageObject","inLanguage":"fr-FR","@id":"https:\/\/www.pascalvacheypaysagiste.com\/blog\/#\/schema\/person\/image\/","url":"https:\/\/secure.gravatar.com\/avatar\/927d8e4cd2debd3265e7090433aec4fa?s=96&d=mm&r=g","contentUrl":"https:\/\/secure.gravatar.com\/avatar\/927d8e4cd2debd3265e7090433aec4fa?s=96&d=mm&r=g","caption":"Pascal"},"url":"https:\/\/www.pascalvacheypaysagiste.com\/blog\/author\/pascalv\/"}]}},"_links":{"self":[{"href":"https:\/\/www.pascalvacheypaysagiste.com\/blog\/wp-json\/wp\/v2\/posts\/68"}],"collection":[{"href":"https:\/\/www.pascalvacheypaysagiste.com\/blog\/wp-json\/wp\/v2\/posts"}],"about":[{"href":"https:\/\/www.pascalvacheypaysagiste.com\/blog\/wp-json\/wp\/v2\/types\/post"}],"author":[{"embeddable":true,"href":"https:\/\/www.pascalvacheypaysagiste.com\/blog\/wp-json\/wp\/v2\/users\/1"}],"replies":[{"embeddable":true,"href":"https:\/\/www.pascalvacheypaysagiste.com\/blog\/wp-json\/wp\/v2\/comments?post=68"}],"version-history":[{"count":1,"href":"https:\/\/www.pascalvacheypaysagiste.com\/blog\/wp-json\/wp\/v2\/posts\/68\/revisions"}],"predecessor-version":[{"id":70,"href":"https:\/\/www.pascalvacheypaysagiste.com\/blog\/wp-json\/wp\/v2\/posts\/68\/revisions\/70"}],"wp:featuredmedia":[{"embeddable":true,"href":"https:\/\/www.pascalvacheypaysagiste.com\/blog\/wp-json\/wp\/v2\/media\/69"}],"wp:attachment":[{"href":"https:\/\/www.pascalvacheypaysagiste.com\/blog\/wp-json\/wp\/v2\/media?parent=68"}],"wp:term":[{"taxonomy":"category","embeddable":true,"href":"https:\/\/www.pascalvacheypaysagiste.com\/blog\/wp-json\/wp\/v2\/categories?post=68"},{"taxonomy":"post_tag","embeddable":true,"href":"https:\/\/www.pascalvacheypaysagiste.com\/blog\/wp-json\/wp\/v2\/tags?post=68"}],"curies":[{"name":"wp","href":"https:\/\/api.w.org\/{rel}","templated":true}]}}